{"id":2611,"date":"2024-03-07T07:00:00","date_gmt":"2024-03-07T07:00:00","guid":{"rendered":"https:\/\/felipemorales.se\/?p=2611"},"modified":"2024-03-07T07:00:00","modified_gmt":"2024-03-07T07:00:00","slug":"aufstellung-borussia-moenchengladbach-heute","status":"publish","type":"post","link":"https:\/\/felipemorales.se\/de\/blog\/aufstellung-borussia-moenchengladbach-heute\/","title":{"rendered":"Aufstellung Borussia M\u00f6nchengladbach Heute"},"content":{"rendered":"<p>Die Fu\u00dfballwelt ist st\u00e4ndig in Bewegung und Fans weltweit halten ihre Augen gespannt auf die Aufstellungen ihrer Lieblingsmannschaften. Besonders f\u00fcr Anh\u00e4nger von Borussia M\u00f6nchengladbach ist es von essentieller Bedeutung zu wissen, wie ihr Team heute aufgestellt ist. In diesem Artikel werfen wir einen genaueren Blick auf die m\u00f6gliche Aufstellung von Borussia M\u00f6nchengladbach f\u00fcr das heutige Spiel.<\/p>\n<h2>Die Kernspieler von Borussia M\u00f6nchengladbach<\/h2>\n<p>Borussia M\u00f6nchengladbach verf\u00fcgt \u00fcber eine talentierte Mannschaft, die in der Lage ist, jedem Gegner eine Herausforderung zu bieten. Hier ist eine Liste der Kernspieler, die wahrscheinlich in der heutigen Aufstellung zu finden sind:<\/p>\n<ul>\n<li>Torwart: Yann Sommer<\/li>\n<li>Verteidigung: Matthias Ginter, Nico Elvedi, Stefan Lainer<\/li>\n<li>Mittelfeld: Florian Neuhaus, Jonas Hofmann, Lars Stindl<\/li>\n<li>Sturm: Alassane Pl\u00e9a, Marcus Thuram, Breel Embolo<\/li>\n<\/ul>\n<h2>Potentielle Taktiken und Formationen<\/h2>\n<p>F\u00fcr das heutige Spiel k\u00f6nnte der Trainer von Borussia M\u00f6nchengladbach, Adi H\u00fctter, einige taktische Anpassungen vornehmen, um gegen den spezifischen Gegner bestm\u00f6glich aufgestellt zu sein. Basierend auf den aktuellen Leistungen und der Verf\u00fcgbarkeit der Spieler k\u00f6nnten verschiedene Formationen in Betracht gezogen werden. Eine h\u00e4ufig genutzte Formation ist das 4-2-3-1, welches eine Balance zwischen Angriff und Verteidigung bietet:<\/p>\n<table>\n<tr>\n<th>Position<\/th>\n<th>Spieler<\/th>\n<\/tr>\n<tr>\n<td>Torwart<\/td>\n<td>Yann Sommer<\/td>\n<\/tr>\n<tr>\n<td>Verteidiger<\/td>\n<td>Matthias Ginter, Nico Elvedi, Stefan Lainer, Ramy Bensebaini<\/td>\n<\/tr>\n<tr>\n<td>Mittelfeldspieler<\/td>\n<td>Florian Neuhaus, Denis Zakaria<\/td>\n<\/tr>\n<tr>\n<td>Offensive Mittelfeldspieler<\/td>\n<td>Jonas Hofmann, Lars Stindl, Hannes Wolf<\/td>\n<\/tr>\n<tr>\n<td>St\u00fcrmer<\/td>\n<td>Alassane Pl\u00e9a<\/td>\n<\/tr>\n<\/table>\n<h2>Auswirkungen der Aufstellung auf das Spiel<\/h2>\n<p>Die Aufstellung von Borussia M\u00f6nchengladbach heute k\u00f6nnte einen entscheidenden Einfluss auf den Spielverlauf und das Endergebnis haben. Spieler wie Yann Sommer im Tor und Florian Neuhaus im Mittelfeld sind bekannt f\u00fcr ihre Zuverl\u00e4ssigkeit und k\u00f6nnten Schl\u00fcsselmomente im Spiel positiv beeinflussen. Ebenso k\u00f6nnten Alassane Pl\u00e9a und Marcus Thuram mit ihrer Schnelligkeit und Torgef\u00e4hrlichkeit jederzeit das Blatt wenden.<\/p>\n<p>Es ist jedoch wichtig zu beachten, dass Fu\u00dfball ein dynamisches Spiel ist, und die endg\u00fcltige Aufstellung und Taktik kurz vor Spielbeginn durch den Trainer bekannt gegeben wird. Fans und Analysten k\u00f6nnen spekulieren und ihre Erwartungen \u00e4u\u00dfern, aber die Entscheidung liegt letztendlich bei dem Trainerstab von Borussia M\u00f6nchengladbach. Die Anpassungsf\u00e4higkeit und Reaktion auf den Gegner wird entscheidend sein, um die drei Punkte zu sichern.<\/p>\n<h2>Fazit<\/h2>\n<p>Die Aufstellung Borussia M\u00f6nchengladbach heute verspricht ein spannendes Spiel, bei dem jede Position und Taktik eine Rolle spielt. Unabh\u00e4ngig davon, welche elf Spieler letztendlich auf dem Feld stehen, die Fans k\u00f6nnen sicher sein, dass ihr Team bereit ist, um jeden Zentimeter des Spielfelds zu k\u00e4mpfen. Borussia M\u00f6nchengladbachs Engagement f\u00fcr anspruchsvollen Fu\u00dfball garantiert eine Begegnung, die man nicht verpassen sollte.<\/p>\n","protected":false},"excerpt":{"rendered":"<p>Die Fu\u00dfballwelt ist st\u00e4ndig in Bewegung und Fans weltweit halten ihre Augen gespannt auf die Aufstellungen ihrer Lieblingsmannschaften. Besonders f\u00fcr Anh\u00e4nger von Borussia M\u00f6nchengladbach ist es von essentieller Bedeutung zu wissen, wie ihr Team heute aufgestellt ist. In diesem Artikel werfen wir einen genaueren Blick auf die m\u00f6gliche Aufstellung von Borussia M\u00f6nchengladbach f\u00fcr das heutige [&hellip;]<\/p>\n","protected":false},"author":1,"featured_media":2511,"comment_status":"open","ping_status":"open","sticky":false,"template":"","format":"standard","meta":{"footnotes":""},"categories":[29],"tags":[],"class_list":["post-2611","post","type-post","status-publish","format-standard","has-post-thumbnail","hentry","category-blog"],"yoast_head":"<!-- This site is optimized with the Yoast SEO plugin v22.0 - https:\/\/yoast.com\/wordpress\/plugins\/seo\/ -->\n<title>Aufstellung Borussia M\u00f6nchengladbach Heute - Felipe Morales - Start<\/title>\n<meta name=\"robots\" content=\"index, follow, max-snippet:-1, max-image-preview:large, max-video-preview:-1\" \/>\n<link rel=\"canonical\" href=\"https:\/\/felipemorales.se\/de\/blog\/aufstellung-borussia-moenchengladbach-heute\/\" \/>\n<meta property=\"og:locale\" content=\"de_DE\" \/>\n<meta property=\"og:type\" content=\"article\" \/>\n<meta property=\"og:title\" content=\"Aufstellung Borussia M\u00f6nchengladbach Heute - Felipe Morales - Start\" \/>\n<meta property=\"og:description\" content=\"Die Fu\u00dfballwelt ist st\u00e4ndig in Bewegung und Fans weltweit halten ihre Augen gespannt auf die Aufstellungen ihrer Lieblingsmannschaften. Besonders f\u00fcr Anh\u00e4nger von Borussia M\u00f6nchengladbach ist es von essentieller Bedeutung zu wissen, wie ihr Team heute aufgestellt ist. In diesem Artikel werfen wir einen genaueren Blick auf die m\u00f6gliche Aufstellung von Borussia M\u00f6nchengladbach f\u00fcr das heutige [&hellip;]\" \/>\n<meta property=\"og:url\" content=\"https:\/\/felipemorales.se\/de\/blog\/aufstellung-borussia-moenchengladbach-heute\/\" \/>\n<meta property=\"og:site_name\" content=\"Felipe Morales - Start\" \/>\n<meta property=\"article:published_time\" content=\"2024-03-07T07:00:00+00:00\" \/>\n<meta property=\"og:image\" content=\"https:\/\/felipemorales.se\/wp-content\/uploads\/2024\/02\/fotball-5-kopia-3.jpg\" \/>\n\t<meta property=\"og:image:width\" content=\"1290\" \/>\n\t<meta property=\"og:image:height\" content=\"790\" \/>\n\t<meta property=\"og:image:type\" content=\"image\/jpeg\" \/>\n<meta name=\"author\" content=\"Felipe Morales\" \/>\n<meta name=\"twitter:card\" content=\"summary_large_image\" \/>\n<meta name=\"twitter:label1\" content=\"Verfasst von\" \/>\n\t<meta name=\"twitter:data1\" content=\"Felipe Morales\" \/>\n\t<meta name=\"twitter:label2\" content=\"Gesch\u00e4tzte Lesezeit\" \/>\n\t<meta name=\"twitter:data2\" content=\"2\u00a0Minuten\" \/>\n<script type=\"application\/ld+json\" class=\"yoast-schema-graph\">{\"@context\":\"https:\/\/schema.org\",\"@graph\":[{\"@type\":\"Article\",\"@id\":\"https:\/\/felipemorales.se\/de\/blog\/aufstellung-borussia-moenchengladbach-heute\/#article\",\"isPartOf\":{\"@id\":\"https:\/\/felipemorales.se\/de\/blog\/aufstellung-borussia-moenchengladbach-heute\/\"},\"author\":{\"name\":\"Felipe Morales\",\"@id\":\"https:\/\/felipemorales.se\/#\/schema\/person\/4d0c058205dd7a8b40a831f5ea679acb\"},\"headline\":\"Aufstellung Borussia M\u00f6nchengladbach Heute\",\"datePublished\":\"2024-03-07T07:00:00+00:00\",\"dateModified\":\"2024-03-07T07:00:00+00:00\",\"mainEntityOfPage\":{\"@id\":\"https:\/\/felipemorales.se\/de\/blog\/aufstellung-borussia-moenchengladbach-heute\/\"},\"wordCount\":445,\"commentCount\":0,\"publisher\":{\"@id\":\"https:\/\/felipemorales.se\/#organization\"},\"articleSection\":[\"Blog\"],\"inLanguage\":\"de\",\"potentialAction\":[{\"@type\":\"CommentAction\",\"name\":\"Comment\",\"target\":[\"https:\/\/felipemorales.se\/de\/blog\/aufstellung-borussia-moenchengladbach-heute\/#respond\"]}]},{\"@type\":\"WebPage\",\"@id\":\"https:\/\/felipemorales.se\/de\/blog\/aufstellung-borussia-moenchengladbach-heute\/\",\"url\":\"https:\/\/felipemorales.se\/de\/blog\/aufstellung-borussia-moenchengladbach-heute\/\",\"name\":\"Aufstellung Borussia M\u00f6nchengladbach Heute - Felipe Morales - Start\",\"isPartOf\":{\"@id\":\"https:\/\/felipemorales.se\/#website\"},\"datePublished\":\"2024-03-07T07:00:00+00:00\",\"dateModified\":\"2024-03-07T07:00:00+00:00\",\"breadcrumb\":{\"@id\":\"https:\/\/felipemorales.se\/de\/blog\/aufstellung-borussia-moenchengladbach-heute\/#breadcrumb\"},\"inLanguage\":\"de\",\"potentialAction\":[{\"@type\":\"ReadAction\",\"target\":[\"https:\/\/felipemorales.se\/de\/blog\/aufstellung-borussia-moenchengladbach-heute\/\"]}]},{\"@type\":\"BreadcrumbList\",\"@id\":\"https:\/\/felipemorales.se\/de\/blog\/aufstellung-borussia-moenchengladbach-heute\/#breadcrumb\",\"itemListElement\":[{\"@type\":\"ListItem\",\"position\":1,\"name\":\"Hem\",\"item\":\"https:\/\/felipemorales.se\/\"},{\"@type\":\"ListItem\",\"position\":2,\"name\":\"Aufstellung Borussia M\u00f6nchengladbach Heute\"}]},{\"@type\":\"WebSite\",\"@id\":\"https:\/\/felipemorales.se\/#website\",\"url\":\"https:\/\/felipemorales.se\/\",\"name\":\"Felipe Morales - Start\",\"description\":\"\",\"publisher\":{\"@id\":\"https:\/\/felipemorales.se\/#organization\"},\"potentialAction\":[{\"@type\":\"SearchAction\",\"target\":{\"@type\":\"EntryPoint\",\"urlTemplate\":\"https:\/\/felipemorales.se\/?s={search_term_string}\"},\"query-input\":\"required name=search_term_string\"}],\"inLanguage\":\"de\"},{\"@type\":\"Organization\",\"@id\":\"https:\/\/felipemorales.se\/#organization\",\"name\":\"Felipe Morales - Start\",\"url\":\"https:\/\/felipemorales.se\/\",\"logo\":{\"@type\":\"ImageObject\",\"inLanguage\":\"de\",\"@id\":\"https:\/\/felipemorales.se\/#\/schema\/logo\/image\/\",\"url\":\"https:\/\/felipemorales.se\/wp-content\/uploads\/2022\/06\/cropped-LENNIX2.png\",\"contentUrl\":\"https:\/\/felipemorales.se\/wp-content\/uploads\/2022\/06\/cropped-LENNIX2.png\",\"width\":239,\"height\":130,\"caption\":\"Felipe Morales - Start\"},\"image\":{\"@id\":\"https:\/\/felipemorales.se\/#\/schema\/logo\/image\/\"}},{\"@type\":\"Person\",\"@id\":\"https:\/\/felipemorales.se\/#\/schema\/person\/4d0c058205dd7a8b40a831f5ea679acb\",\"name\":\"Felipe Morales\",\"image\":{\"@type\":\"ImageObject\",\"inLanguage\":\"de\",\"@id\":\"https:\/\/felipemorales.se\/#\/schema\/person\/image\/\",\"url\":\"https:\/\/secure.gravatar.com\/avatar\/74a35ce9b4df2e2ad0437691c150e5e4ad24c09ce8e9d2f7396ceed29f5b7b64?s=96&d=mm&r=g\",\"contentUrl\":\"https:\/\/secure.gravatar.com\/avatar\/74a35ce9b4df2e2ad0437691c150e5e4ad24c09ce8e9d2f7396ceed29f5b7b64?s=96&d=mm&r=g\",\"caption\":\"Felipe Morales\"},\"sameAs\":[\"https:\/\/felipemorales.se\"]}]}<\/script>\n<!-- \/ Yoast SEO plugin. -->","yoast_head_json":{"title":"Aufstellung Borussia M\u00f6nchengladbach Heute - Felipe Morales - Start","robots":{"index":"index","follow":"follow","max-snippet":"max-snippet:-1","max-image-preview":"max-image-preview:large","max-video-preview":"max-video-preview:-1"},"canonical":"https:\/\/felipemorales.se\/de\/blog\/aufstellung-borussia-moenchengladbach-heute\/","og_locale":"de_DE","og_type":"article","og_title":"Aufstellung Borussia M\u00f6nchengladbach Heute - Felipe Morales - Start","og_description":"Die Fu\u00dfballwelt ist st\u00e4ndig in Bewegung und Fans weltweit halten ihre Augen gespannt auf die Aufstellungen ihrer Lieblingsmannschaften. Besonders f\u00fcr Anh\u00e4nger von Borussia M\u00f6nchengladbach ist es von essentieller Bedeutung zu wissen, wie ihr Team heute aufgestellt ist. In diesem Artikel werfen wir einen genaueren Blick auf die m\u00f6gliche Aufstellung von Borussia M\u00f6nchengladbach f\u00fcr das heutige [&hellip;]","og_url":"https:\/\/felipemorales.se\/de\/blog\/aufstellung-borussia-moenchengladbach-heute\/","og_site_name":"Felipe Morales - Start","article_published_time":"2024-03-07T07:00:00+00:00","og_image":[{"width":1290,"height":790,"url":"https:\/\/felipemorales.se\/wp-content\/uploads\/2024\/02\/fotball-5-kopia-3.jpg","type":"image\/jpeg"}],"author":"Felipe Morales","twitter_card":"summary_large_image","twitter_misc":{"Verfasst von":"Felipe Morales","Gesch\u00e4tzte Lesezeit":"2\u00a0Minuten"},"schema":{"@context":"https:\/\/schema.org","@graph":[{"@type":"Article","@id":"https:\/\/felipemorales.se\/de\/blog\/aufstellung-borussia-moenchengladbach-heute\/#article","isPartOf":{"@id":"https:\/\/felipemorales.se\/de\/blog\/aufstellung-borussia-moenchengladbach-heute\/"},"author":{"name":"Felipe Morales","@id":"https:\/\/felipemorales.se\/#\/schema\/person\/4d0c058205dd7a8b40a831f5ea679acb"},"headline":"Aufstellung Borussia M\u00f6nchengladbach Heute","datePublished":"2024-03-07T07:00:00+00:00","dateModified":"2024-03-07T07:00:00+00:00","mainEntityOfPage":{"@id":"https:\/\/felipemorales.se\/de\/blog\/aufstellung-borussia-moenchengladbach-heute\/"},"wordCount":445,"commentCount":0,"publisher":{"@id":"https:\/\/felipemorales.se\/#organization"},"articleSection":["Blog"],"inLanguage":"de","potentialAction":[{"@type":"CommentAction","name":"Comment","target":["https:\/\/felipemorales.se\/de\/blog\/aufstellung-borussia-moenchengladbach-heute\/#respond"]}]},{"@type":"WebPage","@id":"https:\/\/felipemorales.se\/de\/blog\/aufstellung-borussia-moenchengladbach-heute\/","url":"https:\/\/felipemorales.se\/de\/blog\/aufstellung-borussia-moenchengladbach-heute\/","name":"Aufstellung Borussia M\u00f6nchengladbach Heute - Felipe Morales - Start","isPartOf":{"@id":"https:\/\/felipemorales.se\/#website"},"datePublished":"2024-03-07T07:00:00+00:00","dateModified":"2024-03-07T07:00:00+00:00","breadcrumb":{"@id":"https:\/\/felipemorales.se\/de\/blog\/aufstellung-borussia-moenchengladbach-heute\/#breadcrumb"},"inLanguage":"de","potentialAction":[{"@type":"ReadAction","target":["https:\/\/felipemorales.se\/de\/blog\/aufstellung-borussia-moenchengladbach-heute\/"]}]},{"@type":"BreadcrumbList","@id":"https:\/\/felipemorales.se\/de\/blog\/aufstellung-borussia-moenchengladbach-heute\/#breadcrumb","itemListElement":[{"@type":"ListItem","position":1,"name":"Hem","item":"https:\/\/felipemorales.se\/"},{"@type":"ListItem","position":2,"name":"Aufstellung Borussia M\u00f6nchengladbach Heute"}]},{"@type":"WebSite","@id":"https:\/\/felipemorales.se\/#website","url":"https:\/\/felipemorales.se\/","name":"Felipe Morales - Start","description":"","publisher":{"@id":"https:\/\/felipemorales.se\/#organization"},"potentialAction":[{"@type":"SearchAction","target":{"@type":"EntryPoint","urlTemplate":"https:\/\/felipemorales.se\/?s={search_term_string}"},"query-input":"required name=search_term_string"}],"inLanguage":"de"},{"@type":"Organization","@id":"https:\/\/felipemorales.se\/#organization","name":"Felipe Morales - Start","url":"https:\/\/felipemorales.se\/","logo":{"@type":"ImageObject","inLanguage":"de","@id":"https:\/\/felipemorales.se\/#\/schema\/logo\/image\/","url":"https:\/\/felipemorales.se\/wp-content\/uploads\/2022\/06\/cropped-LENNIX2.png","contentUrl":"https:\/\/felipemorales.se\/wp-content\/uploads\/2022\/06\/cropped-LENNIX2.png","width":239,"height":130,"caption":"Felipe Morales - Start"},"image":{"@id":"https:\/\/felipemorales.se\/#\/schema\/logo\/image\/"}},{"@type":"Person","@id":"https:\/\/felipemorales.se\/#\/schema\/person\/4d0c058205dd7a8b40a831f5ea679acb","name":"Felipe Morales","image":{"@type":"ImageObject","inLanguage":"de","@id":"https:\/\/felipemorales.se\/#\/schema\/person\/image\/","url":"https:\/\/secure.gravatar.com\/avatar\/74a35ce9b4df2e2ad0437691c150e5e4ad24c09ce8e9d2f7396ceed29f5b7b64?s=96&d=mm&r=g","contentUrl":"https:\/\/secure.gravatar.com\/avatar\/74a35ce9b4df2e2ad0437691c150e5e4ad24c09ce8e9d2f7396ceed29f5b7b64?s=96&d=mm&r=g","caption":"Felipe Morales"},"sameAs":["https:\/\/felipemorales.se"]}]}},"_links":{"self":[{"href":"https:\/\/felipemorales.se\/de\/wp-json\/wp\/v2\/posts\/2611","targetHints":{"allow":["GET"]}}],"collection":[{"href":"https:\/\/felipemorales.se\/de\/wp-json\/wp\/v2\/posts"}],"about":[{"href":"https:\/\/felipemorales.se\/de\/wp-json\/wp\/v2\/types\/post"}],"author":[{"embeddable":true,"href":"https:\/\/felipemorales.se\/de\/wp-json\/wp\/v2\/users\/1"}],"replies":[{"embeddable":true,"href":"https:\/\/felipemorales.se\/de\/wp-json\/wp\/v2\/comments?post=2611"}],"version-history":[{"count":1,"href":"https:\/\/felipemorales.se\/de\/wp-json\/wp\/v2\/posts\/2611\/revisions"}],"predecessor-version":[{"id":2667,"href":"https:\/\/felipemorales.se\/de\/wp-json\/wp\/v2\/posts\/2611\/revisions\/2667"}],"wp:featuredmedia":[{"embeddable":true,"href":"https:\/\/felipemorales.se\/de\/wp-json\/wp\/v2\/media\/2511"}],"wp:attachment":[{"href":"https:\/\/felipemorales.se\/de\/wp-json\/wp\/v2\/media?parent=2611"}],"wp:term":[{"taxonomy":"category","embeddable":true,"href":"https:\/\/felipemorales.se\/de\/wp-json\/wp\/v2\/categories?post=2611"},{"taxonomy":"post_tag","embeddable":true,"href":"https:\/\/felipemorales.se\/de\/wp-json\/wp\/v2\/tags?post=2611"}],"curies":[{"name":"wp","href":"https:\/\/api.w.org\/{rel}","templated":true}]}}