{"id":2609,"date":"2024-03-05T05:00:00","date_gmt":"2024-03-05T05:00:00","guid":{"rendered":"https:\/\/felipemorales.se\/?p=2609"},"modified":"2024-03-05T05:00:00","modified_gmt":"2024-03-05T05:00:00","slug":"borussia-dortmund-aufstellung","status":"publish","type":"post","link":"https:\/\/felipemorales.se\/de\/blog\/borussia-dortmund-aufstellung\/","title":{"rendered":"Borussia Dortmund Aufstellung"},"content":{"rendered":"<p>Die Borussia Dortmund Aufstellung ist ein Thema, das bei Fu\u00dfballfans immer f\u00fcr hitzige Diskussionen sorgt. Wie wird der Trainer wohl diesmal die Mannschaft aufstellen? Wer verdient einen Platz in der Startelf und wer muss sich mit einer Rolle auf der Ersatzbank zufriedengeben? In diesem Artikel werfen wir einen Blick auf die m\u00f6glichen Strategien und Spieler, die den Unterschied f\u00fcr den BVB in der kommenden Saison machen k\u00f6nnten.<\/p>\n<h2>Grundlegende Formation von Borussia Dortmund<\/h2>\n<p>Borussia Dortmund ist bekannt f\u00fcr seine flexible Spielweise, die je nach Gegner und Spielsituation angepasst werden kann. Die klassische Aufstellung, die bevorzugt wird, ist jedoch ein 4-2-3-1 System. Diese Formation erm\u00f6glicht es dem Team, sowohl in der Verteidigung stabil zu stehen als auch im Angriff schnell umzuschalten.<\/p>\n<h2>Schl\u00fcsselspieler auf dem Feld<\/h2>\n<p>Einige der Schl\u00fcsselspieler, die in der Startaufstellung von Borussia Dortmund nicht fehlen d\u00fcrfen, umfassen:<\/p>\n<ul>\n<li>Marco Reus &#8211; als kreativer Spielmacher<\/li>\n<li>Erling Haaland &#8211; als Torj\u00e4ger (beachten Sie, dass Spielertransfers oder Verletzungen die Aufstellung beeinflussen k\u00f6nnen)<\/li>\n<li>Mats Hummels &#8211; als Stabilisator in der Verteidigung<\/li>\n<li>Jude Bellingham &#8211; als Mittelfeldmotor<\/li>\n<\/ul>\n<h2>M\u00f6gliche Aufstellung f\u00fcr das kommende Spiel<\/h2>\n<table>\n<tr>\n<th>Position<\/th>\n<th>Spieler<\/th>\n<\/tr>\n<tr>\n<td>Torwart<\/td>\n<td>Gregor Kobel<\/td>\n<\/tr>\n<tr>\n<td>Innenverteidiger<\/td>\n<td>Mats Hummels<\/td>\n<\/tr>\n<tr>\n<td>Innenverteidiger<\/td>\n<td>Manuel Akanji<\/td>\n<\/tr>\n<tr>\n<td>Rechter Verteidiger<\/td>\n<td>Thomas Meunier<\/td>\n<\/tr>\n<tr>\n<td>Linker Verteidiger<\/td>\n<td>Raphael Guerreiro<\/td>\n<\/tr>\n<tr>\n<td>Defensives Mittelfeld<\/td>\n<td>Axel Witsel<\/td>\n<\/tr>\n<tr>\n<td>Defensives Mittelfeld<\/td>\n<td>Emre Can<\/td>\n<\/tr>\n<tr>\n<td>Rechter Fl\u00fcgelspieler<\/td>\n<td>Jadon Sancho<\/td>\n<\/tr>\n<tr>\n<td>Zentraler offensiver Mittelfeldspieler<\/td>\n<td>Marco Reus<\/td>\n<\/tr>\n<tr>\n<td>Linker Fl\u00fcgelspieler<\/td>\n<td>Thorgan Hazard<\/td>\n<\/tr>\n<tr>\n<td>St\u00fcrmer<\/td>\n<td>Erling Haaland<\/td>\n<\/tr>\n<\/table>\n<h2>Taktiken und Strategien<\/h2>\n<p>Borussia Dortmund setzt auf schnelle Umkehrspiele und effektives Pressing, um den Gegner unter Druck zu setzen. Mit Spielern wie Jadon Sancho und Erling Haaland, die durch ihre Geschwindigkeit und ihr Abschlussverm\u00f6gen gl\u00e4nzen, kann Dortmund jeden Moment im Spiel zu einem Torerfolg machen. Zudem ist die Erfahrung von Spielern wie Marco Reus und Mats Hummels von unsch\u00e4tzbarem Wert, wenn es darum geht, das junge Team auf und neben dem Platz zu f\u00fchren.<\/p>\n<h2>Ausblick<\/h2>\n<p>Die Borussia Dortmund Aufstellung ist immer ein hei\u00dfes Thema, das zeigt, wie leidenschaftlich die Fans und Experten \u00fcber den Verein und seinen Erfolg diskutieren. W\u00e4hrend die endg\u00fcltige Aufstellung von vielen Faktoren wie Fitness, Form und taktischen \u00dcberlegungen abh\u00e4ngt, ist eines sicher: Der BVB wird auch in der kommenden Saison wieder spannenden und attraktiven Fu\u00dfball bieten.<\/p>\n","protected":false},"excerpt":{"rendered":"<p>Die Borussia Dortmund Aufstellung ist ein Thema, das bei Fu\u00dfballfans immer f\u00fcr hitzige Diskussionen sorgt. Wie wird der Trainer wohl diesmal die Mannschaft aufstellen? Wer verdient einen Platz in der Startelf und wer muss sich mit einer Rolle auf der Ersatzbank zufriedengeben? In diesem Artikel werfen wir einen Blick auf die m\u00f6glichen Strategien und Spieler, [&hellip;]<\/p>\n","protected":false},"author":1,"featured_media":2523,"comment_status":"open","ping_status":"open","sticky":false,"template":"","format":"standard","meta":{"footnotes":""},"categories":[29],"tags":[],"class_list":["post-2609","post","type-post","status-publish","format-standard","has-post-thumbnail","hentry","category-blog"],"yoast_head":"<!-- This site is optimized with the Yoast SEO plugin v22.0 - https:\/\/yoast.com\/wordpress\/plugins\/seo\/ -->\n<title>Borussia Dortmund Aufstellung - Felipe Morales - Start<\/title>\n<meta name=\"robots\" content=\"index, follow, max-snippet:-1, max-image-preview:large, max-video-preview:-1\" \/>\n<link rel=\"canonical\" href=\"https:\/\/felipemorales.se\/de\/blog\/borussia-dortmund-aufstellung\/\" \/>\n<meta property=\"og:locale\" content=\"de_DE\" \/>\n<meta property=\"og:type\" content=\"article\" \/>\n<meta property=\"og:title\" content=\"Borussia Dortmund Aufstellung - Felipe Morales - Start\" \/>\n<meta property=\"og:description\" content=\"Die Borussia Dortmund Aufstellung ist ein Thema, das bei Fu\u00dfballfans immer f\u00fcr hitzige Diskussionen sorgt. Wie wird der Trainer wohl diesmal die Mannschaft aufstellen? Wer verdient einen Platz in der Startelf und wer muss sich mit einer Rolle auf der Ersatzbank zufriedengeben? In diesem Artikel werfen wir einen Blick auf die m\u00f6glichen Strategien und Spieler, [&hellip;]\" \/>\n<meta property=\"og:url\" content=\"https:\/\/felipemorales.se\/de\/blog\/borussia-dortmund-aufstellung\/\" \/>\n<meta property=\"og:site_name\" content=\"Felipe Morales - Start\" \/>\n<meta property=\"article:published_time\" content=\"2024-03-05T05:00:00+00:00\" \/>\n<meta property=\"og:image\" content=\"https:\/\/felipemorales.se\/wp-content\/uploads\/2024\/02\/fotball-7-kopia-3.jpg\" \/>\n\t<meta property=\"og:image:width\" content=\"1290\" \/>\n\t<meta property=\"og:image:height\" content=\"790\" \/>\n\t<meta property=\"og:image:type\" content=\"image\/jpeg\" \/>\n<meta name=\"author\" content=\"Felipe Morales\" \/>\n<meta name=\"twitter:card\" content=\"summary_large_image\" \/>\n<meta name=\"twitter:label1\" content=\"Verfasst von\" \/>\n\t<meta name=\"twitter:data1\" content=\"Felipe Morales\" \/>\n\t<meta name=\"twitter:label2\" content=\"Gesch\u00e4tzte Lesezeit\" \/>\n\t<meta name=\"twitter:data2\" content=\"2\u00a0Minuten\" \/>\n<script type=\"application\/ld+json\" class=\"yoast-schema-graph\">{\"@context\":\"https:\/\/schema.org\",\"@graph\":[{\"@type\":\"Article\",\"@id\":\"https:\/\/felipemorales.se\/de\/blog\/borussia-dortmund-aufstellung\/#article\",\"isPartOf\":{\"@id\":\"https:\/\/felipemorales.se\/de\/blog\/borussia-dortmund-aufstellung\/\"},\"author\":{\"name\":\"Felipe Morales\",\"@id\":\"https:\/\/felipemorales.se\/#\/schema\/person\/4d0c058205dd7a8b40a831f5ea679acb\"},\"headline\":\"Borussia Dortmund Aufstellung\",\"datePublished\":\"2024-03-05T05:00:00+00:00\",\"dateModified\":\"2024-03-05T05:00:00+00:00\",\"mainEntityOfPage\":{\"@id\":\"https:\/\/felipemorales.se\/de\/blog\/borussia-dortmund-aufstellung\/\"},\"wordCount\":381,\"commentCount\":0,\"publisher\":{\"@id\":\"https:\/\/felipemorales.se\/#organization\"},\"articleSection\":[\"Blog\"],\"inLanguage\":\"de\",\"potentialAction\":[{\"@type\":\"CommentAction\",\"name\":\"Comment\",\"target\":[\"https:\/\/felipemorales.se\/de\/blog\/borussia-dortmund-aufstellung\/#respond\"]}]},{\"@type\":\"WebPage\",\"@id\":\"https:\/\/felipemorales.se\/de\/blog\/borussia-dortmund-aufstellung\/\",\"url\":\"https:\/\/felipemorales.se\/de\/blog\/borussia-dortmund-aufstellung\/\",\"name\":\"Borussia Dortmund Aufstellung - Felipe Morales - Start\",\"isPartOf\":{\"@id\":\"https:\/\/felipemorales.se\/#website\"},\"datePublished\":\"2024-03-05T05:00:00+00:00\",\"dateModified\":\"2024-03-05T05:00:00+00:00\",\"breadcrumb\":{\"@id\":\"https:\/\/felipemorales.se\/de\/blog\/borussia-dortmund-aufstellung\/#breadcrumb\"},\"inLanguage\":\"de\",\"potentialAction\":[{\"@type\":\"ReadAction\",\"target\":[\"https:\/\/felipemorales.se\/de\/blog\/borussia-dortmund-aufstellung\/\"]}]},{\"@type\":\"BreadcrumbList\",\"@id\":\"https:\/\/felipemorales.se\/de\/blog\/borussia-dortmund-aufstellung\/#breadcrumb\",\"itemListElement\":[{\"@type\":\"ListItem\",\"position\":1,\"name\":\"Hem\",\"item\":\"https:\/\/felipemorales.se\/\"},{\"@type\":\"ListItem\",\"position\":2,\"name\":\"Borussia Dortmund Aufstellung\"}]},{\"@type\":\"WebSite\",\"@id\":\"https:\/\/felipemorales.se\/#website\",\"url\":\"https:\/\/felipemorales.se\/\",\"name\":\"Felipe Morales - Start\",\"description\":\"\",\"publisher\":{\"@id\":\"https:\/\/felipemorales.se\/#organization\"},\"potentialAction\":[{\"@type\":\"SearchAction\",\"target\":{\"@type\":\"EntryPoint\",\"urlTemplate\":\"https:\/\/felipemorales.se\/?s={search_term_string}\"},\"query-input\":\"required name=search_term_string\"}],\"inLanguage\":\"de\"},{\"@type\":\"Organization\",\"@id\":\"https:\/\/felipemorales.se\/#organization\",\"name\":\"Felipe Morales - Start\",\"url\":\"https:\/\/felipemorales.se\/\",\"logo\":{\"@type\":\"ImageObject\",\"inLanguage\":\"de\",\"@id\":\"https:\/\/felipemorales.se\/#\/schema\/logo\/image\/\",\"url\":\"https:\/\/felipemorales.se\/wp-content\/uploads\/2022\/06\/cropped-LENNIX2.png\",\"contentUrl\":\"https:\/\/felipemorales.se\/wp-content\/uploads\/2022\/06\/cropped-LENNIX2.png\",\"width\":239,\"height\":130,\"caption\":\"Felipe Morales - Start\"},\"image\":{\"@id\":\"https:\/\/felipemorales.se\/#\/schema\/logo\/image\/\"}},{\"@type\":\"Person\",\"@id\":\"https:\/\/felipemorales.se\/#\/schema\/person\/4d0c058205dd7a8b40a831f5ea679acb\",\"name\":\"Felipe Morales\",\"image\":{\"@type\":\"ImageObject\",\"inLanguage\":\"de\",\"@id\":\"https:\/\/felipemorales.se\/#\/schema\/person\/image\/\",\"url\":\"https:\/\/secure.gravatar.com\/avatar\/74a35ce9b4df2e2ad0437691c150e5e4ad24c09ce8e9d2f7396ceed29f5b7b64?s=96&d=mm&r=g\",\"contentUrl\":\"https:\/\/secure.gravatar.com\/avatar\/74a35ce9b4df2e2ad0437691c150e5e4ad24c09ce8e9d2f7396ceed29f5b7b64?s=96&d=mm&r=g\",\"caption\":\"Felipe Morales\"},\"sameAs\":[\"https:\/\/felipemorales.se\"]}]}<\/script>\n<!-- \/ Yoast SEO plugin. -->","yoast_head_json":{"title":"Borussia Dortmund Aufstellung - Felipe Morales - Start","robots":{"index":"index","follow":"follow","max-snippet":"max-snippet:-1","max-image-preview":"max-image-preview:large","max-video-preview":"max-video-preview:-1"},"canonical":"https:\/\/felipemorales.se\/de\/blog\/borussia-dortmund-aufstellung\/","og_locale":"de_DE","og_type":"article","og_title":"Borussia Dortmund Aufstellung - Felipe Morales - Start","og_description":"Die Borussia Dortmund Aufstellung ist ein Thema, das bei Fu\u00dfballfans immer f\u00fcr hitzige Diskussionen sorgt. Wie wird der Trainer wohl diesmal die Mannschaft aufstellen? Wer verdient einen Platz in der Startelf und wer muss sich mit einer Rolle auf der Ersatzbank zufriedengeben? In diesem Artikel werfen wir einen Blick auf die m\u00f6glichen Strategien und Spieler, [&hellip;]","og_url":"https:\/\/felipemorales.se\/de\/blog\/borussia-dortmund-aufstellung\/","og_site_name":"Felipe Morales - Start","article_published_time":"2024-03-05T05:00:00+00:00","og_image":[{"width":1290,"height":790,"url":"https:\/\/felipemorales.se\/wp-content\/uploads\/2024\/02\/fotball-7-kopia-3.jpg","type":"image\/jpeg"}],"author":"Felipe Morales","twitter_card":"summary_large_image","twitter_misc":{"Verfasst von":"Felipe Morales","Gesch\u00e4tzte Lesezeit":"2\u00a0Minuten"},"schema":{"@context":"https:\/\/schema.org","@graph":[{"@type":"Article","@id":"https:\/\/felipemorales.se\/de\/blog\/borussia-dortmund-aufstellung\/#article","isPartOf":{"@id":"https:\/\/felipemorales.se\/de\/blog\/borussia-dortmund-aufstellung\/"},"author":{"name":"Felipe Morales","@id":"https:\/\/felipemorales.se\/#\/schema\/person\/4d0c058205dd7a8b40a831f5ea679acb"},"headline":"Borussia Dortmund Aufstellung","datePublished":"2024-03-05T05:00:00+00:00","dateModified":"2024-03-05T05:00:00+00:00","mainEntityOfPage":{"@id":"https:\/\/felipemorales.se\/de\/blog\/borussia-dortmund-aufstellung\/"},"wordCount":381,"commentCount":0,"publisher":{"@id":"https:\/\/felipemorales.se\/#organization"},"articleSection":["Blog"],"inLanguage":"de","potentialAction":[{"@type":"CommentAction","name":"Comment","target":["https:\/\/felipemorales.se\/de\/blog\/borussia-dortmund-aufstellung\/#respond"]}]},{"@type":"WebPage","@id":"https:\/\/felipemorales.se\/de\/blog\/borussia-dortmund-aufstellung\/","url":"https:\/\/felipemorales.se\/de\/blog\/borussia-dortmund-aufstellung\/","name":"Borussia Dortmund Aufstellung - Felipe Morales - Start","isPartOf":{"@id":"https:\/\/felipemorales.se\/#website"},"datePublished":"2024-03-05T05:00:00+00:00","dateModified":"2024-03-05T05:00:00+00:00","breadcrumb":{"@id":"https:\/\/felipemorales.se\/de\/blog\/borussia-dortmund-aufstellung\/#breadcrumb"},"inLanguage":"de","potentialAction":[{"@type":"ReadAction","target":["https:\/\/felipemorales.se\/de\/blog\/borussia-dortmund-aufstellung\/"]}]},{"@type":"BreadcrumbList","@id":"https:\/\/felipemorales.se\/de\/blog\/borussia-dortmund-aufstellung\/#breadcrumb","itemListElement":[{"@type":"ListItem","position":1,"name":"Hem","item":"https:\/\/felipemorales.se\/"},{"@type":"ListItem","position":2,"name":"Borussia Dortmund Aufstellung"}]},{"@type":"WebSite","@id":"https:\/\/felipemorales.se\/#website","url":"https:\/\/felipemorales.se\/","name":"Felipe Morales - Start","description":"","publisher":{"@id":"https:\/\/felipemorales.se\/#organization"},"potentialAction":[{"@type":"SearchAction","target":{"@type":"EntryPoint","urlTemplate":"https:\/\/felipemorales.se\/?s={search_term_string}"},"query-input":"required name=search_term_string"}],"inLanguage":"de"},{"@type":"Organization","@id":"https:\/\/felipemorales.se\/#organization","name":"Felipe Morales - Start","url":"https:\/\/felipemorales.se\/","logo":{"@type":"ImageObject","inLanguage":"de","@id":"https:\/\/felipemorales.se\/#\/schema\/logo\/image\/","url":"https:\/\/felipemorales.se\/wp-content\/uploads\/2022\/06\/cropped-LENNIX2.png","contentUrl":"https:\/\/felipemorales.se\/wp-content\/uploads\/2022\/06\/cropped-LENNIX2.png","width":239,"height":130,"caption":"Felipe Morales - Start"},"image":{"@id":"https:\/\/felipemorales.se\/#\/schema\/logo\/image\/"}},{"@type":"Person","@id":"https:\/\/felipemorales.se\/#\/schema\/person\/4d0c058205dd7a8b40a831f5ea679acb","name":"Felipe Morales","image":{"@type":"ImageObject","inLanguage":"de","@id":"https:\/\/felipemorales.se\/#\/schema\/person\/image\/","url":"https:\/\/secure.gravatar.com\/avatar\/74a35ce9b4df2e2ad0437691c150e5e4ad24c09ce8e9d2f7396ceed29f5b7b64?s=96&d=mm&r=g","contentUrl":"https:\/\/secure.gravatar.com\/avatar\/74a35ce9b4df2e2ad0437691c150e5e4ad24c09ce8e9d2f7396ceed29f5b7b64?s=96&d=mm&r=g","caption":"Felipe Morales"},"sameAs":["https:\/\/felipemorales.se"]}]}},"_links":{"self":[{"href":"https:\/\/felipemorales.se\/de\/wp-json\/wp\/v2\/posts\/2609","targetHints":{"allow":["GET"]}}],"collection":[{"href":"https:\/\/felipemorales.se\/de\/wp-json\/wp\/v2\/posts"}],"about":[{"href":"https:\/\/felipemorales.se\/de\/wp-json\/wp\/v2\/types\/post"}],"author":[{"embeddable":true,"href":"https:\/\/felipemorales.se\/de\/wp-json\/wp\/v2\/users\/1"}],"replies":[{"embeddable":true,"href":"https:\/\/felipemorales.se\/de\/wp-json\/wp\/v2\/comments?post=2609"}],"version-history":[{"count":1,"href":"https:\/\/felipemorales.se\/de\/wp-json\/wp\/v2\/posts\/2609\/revisions"}],"predecessor-version":[{"id":2661,"href":"https:\/\/felipemorales.se\/de\/wp-json\/wp\/v2\/posts\/2609\/revisions\/2661"}],"wp:featuredmedia":[{"embeddable":true,"href":"https:\/\/felipemorales.se\/de\/wp-json\/wp\/v2\/media\/2523"}],"wp:attachment":[{"href":"https:\/\/felipemorales.se\/de\/wp-json\/wp\/v2\/media?parent=2609"}],"wp:term":[{"taxonomy":"category","embeddable":true,"href":"https:\/\/felipemorales.se\/de\/wp-json\/wp\/v2\/categories?post=2609"},{"taxonomy":"post_tag","embeddable":true,"href":"https:\/\/felipemorales.se\/de\/wp-json\/wp\/v2\/tags?post=2609"}],"curies":[{"name":"wp","href":"https:\/\/api.w.org\/{rel}","templated":true}]}}