{"id":2606,"date":"2024-03-02T02:00:00","date_gmt":"2024-03-02T02:00:00","guid":{"rendered":"https:\/\/felipemorales.se\/?p=2606"},"modified":"2024-03-02T02:00:00","modified_gmt":"2024-03-02T02:00:00","slug":"suedkorea-wm-aufstellung","status":"publish","type":"post","link":"https:\/\/felipemorales.se\/de\/blog\/suedkorea-wm-aufstellung\/","title":{"rendered":"S\u00fcdkorea Wm Aufstellung"},"content":{"rendered":"<p>Die Teilnahme S\u00fcdkoreas an der Fu\u00dfball-Weltmeisterschaft ist immer von gro\u00dfer Aufregung und Antizipation begleitet. Die nationale Mannschaft, oft als &#8222;Taeguk Warriors&#8220; bezeichnet, hat eine Geschichte voller bemerkenswerter Momente und herausragender Leistungen auf dem globalen Fu\u00dfballfeld. Ihre Aufstellung bei der WM ist ein hei\u00df diskutiertes Thema unter Fu\u00dfballexperten und Fans gleicherma\u00dfen. In diesem Artikel werfen wir einen Blick auf die m\u00f6gliche Aufstellung S\u00fcdkoreas f\u00fcr die kommende Weltmeisterschaft.<\/p>\n<h2>S\u00fcdkoreas potenzielle WM-Aufstellung<\/h2>\n<p>S\u00fcdkoreas Trainerstab arbeitet beharrlich daran, eine konkurrenzf\u00e4hige Mannschaft zusammenzustellen, die sowohl in der Offensive als auch in der Defensive stark aufgestellt ist. Basierend auf aktuellen Leistungen, Fitnessniveaus und taktischen \u00dcberlegungen k\u00f6nnte die Aufstellung wie folgt aussehen:<\/p>\n<h3>Torwart<\/h3>\n<ul>\n<li>Kim Seung-gyu &#8211; Der erfahrene Torh\u00fcter k\u00f6nnte wegen seiner beeindruckenden Reflexe und F\u00fchrungsqualit\u00e4ten auf dem Spielfeld erneut die Nummer eins sein.<\/li>\n<\/ul>\n<h3>Verteidigung<\/h3>\n<ul>\n<li>Kim Min-jae &#8211; Als zentraler Verteidiger bietet er St\u00e4rke und Stabilit\u00e4t in der Abwehr.<\/li>\n<li>Kim Young-gwon &#8211; Mit seiner Erfahrung k\u00f6nnte er eine Schl\u00fcsselrolle in der Verteidigung spielen.<\/li>\n<li>Lee Yong &#8211; Bekannt f\u00fcr seine schnellen L\u00e4ufe auf der rechten Flanke.<\/li>\n<li>Hong Chul &#8211; K\u00f6nnte aufgrund seiner Vielseitigkeit und seines defensiven Beitrags auf der linken Seite eingesetzt werden.<\/li>\n<\/ul>\n<h3>Mittelfeld<\/h3>\n<ul>\n<li>Son Heung-min &#8211; Der Star des Teams wird zweifellos eine zentrale Rolle im Angriffsspiel \u00fcbernehmen.<\/li>\n<li>Hwang Hee-chan &#8211; Bekannt f\u00fcr seine Geschwindigkeit und F\u00e4higkeit, R\u00e4ume zu \u00f6ffnen.<\/li>\n<li>Lee Jae-sung &#8211; Bietet Kreativit\u00e4t und unterst\u00fctzt sowohl die Offensive als auch die Defensive.<\/li>\n<li>Jung Woo-young &#8211; Als defensiver Mittelfeldspieler essentiell f\u00fcr das Gleichgewicht des Teams.<\/li>\n<\/ul>\n<h3>Sturm<\/h3>\n<ul>\n<li>Hwang Ui-jo &#8211; K\u00f6nnte aufgrund seiner Treffsicherheit als zentraler St\u00fcrmer eingesetzt werden.<\/li>\n<li>Ki Sung-yueng &#8211; Trotz seiner tieferen gew\u00f6hnlichen Position k\u00f6nnte er in einem offensiveren Mittelfeld oder als unterst\u00fctzender St\u00fcrmer auflaufen.<\/li>\n<\/ul>\n<h2>Strategien und Erwartungen<\/h2>\n<p>Die Aufstellung S\u00fcdkoreas f\u00fcr die Weltmeisterschaft spiegelt eine Mischung aus erfahrenen Spielern und jungen Talenten wider, die die perfekte Balance f\u00fcr die Herausforderungen des Turniers bieten k\u00f6nnte. Mit einer soliden Defensive, einem kreativen Mittelfeld, das sowohl Offensive als auch Defensive unterst\u00fctzt, und einem pr\u00e4zisen Angriff hat S\u00fcdkorea das Potential, bei der Weltmeisterschaft weit zu kommen. Die Strategie d\u00fcrfte sich auf schnelle Konterangriffe und eine disziplinierte Verteidigung st\u00fctzen, w\u00e4hrend Son Heung-min und Hwang Hee-chan entscheidende Rollen in der Offensive spielen werden.<\/p>\n<p>Die Erwartungen an die s\u00fcdkoreanische Nationalmannschaft sind hoch, und die Fans hoffen, dass diese Aufstellung und Taktik das Team zu neuen H\u00f6hen f\u00fchren wird. W\u00e4hrend das Team seine endg\u00fcltige Zusammensetzung und Strategie noch festigt, bleibt die Antizipation und Unterst\u00fctzung f\u00fcr die &#8222;Taeguk Warriors&#8220; ungebrochen stark. Die s\u00fcdkoreanische Aufstellung bei der kommenden Weltmeisterschaft wird ohne Zweifel ein Brennpunkt der Aufmerksamkeit sein, wenn das Land seine Spieler auf das gr\u00f6\u00dfte Fu\u00dfballereignis der Welt vorbereitet.<\/p>\n","protected":false},"excerpt":{"rendered":"<p>Die Teilnahme S\u00fcdkoreas an der Fu\u00dfball-Weltmeisterschaft ist immer von gro\u00dfer Aufregung und Antizipation begleitet. Die nationale Mannschaft, oft als &#8222;Taeguk Warriors&#8220; bezeichnet, hat eine Geschichte voller bemerkenswerter Momente und herausragender Leistungen auf dem globalen Fu\u00dfballfeld. Ihre Aufstellung bei der WM ist ein hei\u00df diskutiertes Thema unter Fu\u00dfballexperten und Fans gleicherma\u00dfen. In diesem Artikel werfen wir [&hellip;]<\/p>\n","protected":false},"author":1,"featured_media":2547,"comment_status":"open","ping_status":"open","sticky":false,"template":"","format":"standard","meta":{"footnotes":""},"categories":[29],"tags":[],"class_list":["post-2606","post","type-post","status-publish","format-standard","has-post-thumbnail","hentry","category-blog"],"yoast_head":"<!-- This site is optimized with the Yoast SEO plugin v22.0 - https:\/\/yoast.com\/wordpress\/plugins\/seo\/ -->\n<title>S\u00fcdkorea Wm Aufstellung - Felipe Morales - Start<\/title>\n<meta name=\"robots\" content=\"index, follow, max-snippet:-1, max-image-preview:large, max-video-preview:-1\" \/>\n<link rel=\"canonical\" href=\"https:\/\/felipemorales.se\/de\/blog\/suedkorea-wm-aufstellung\/\" \/>\n<meta property=\"og:locale\" content=\"de_DE\" \/>\n<meta property=\"og:type\" content=\"article\" \/>\n<meta property=\"og:title\" content=\"S\u00fcdkorea Wm Aufstellung - Felipe Morales - Start\" \/>\n<meta property=\"og:description\" content=\"Die Teilnahme S\u00fcdkoreas an der Fu\u00dfball-Weltmeisterschaft ist immer von gro\u00dfer Aufregung und Antizipation begleitet. Die nationale Mannschaft, oft als &#8222;Taeguk Warriors&#8220; bezeichnet, hat eine Geschichte voller bemerkenswerter Momente und herausragender Leistungen auf dem globalen Fu\u00dfballfeld. Ihre Aufstellung bei der WM ist ein hei\u00df diskutiertes Thema unter Fu\u00dfballexperten und Fans gleicherma\u00dfen. In diesem Artikel werfen wir [&hellip;]\" \/>\n<meta property=\"og:url\" content=\"https:\/\/felipemorales.se\/de\/blog\/suedkorea-wm-aufstellung\/\" \/>\n<meta property=\"og:site_name\" content=\"Felipe Morales - Start\" \/>\n<meta property=\"article:published_time\" content=\"2024-03-02T02:00:00+00:00\" \/>\n<meta property=\"og:image\" content=\"https:\/\/felipemorales.se\/wp-content\/uploads\/2024\/02\/fotball-kopia-3.jpg\" \/>\n\t<meta property=\"og:image:width\" content=\"1290\" \/>\n\t<meta property=\"og:image:height\" content=\"790\" \/>\n\t<meta property=\"og:image:type\" content=\"image\/jpeg\" \/>\n<meta name=\"author\" content=\"Felipe Morales\" \/>\n<meta name=\"twitter:card\" content=\"summary_large_image\" \/>\n<meta name=\"twitter:label1\" content=\"Verfasst von\" \/>\n\t<meta name=\"twitter:data1\" content=\"Felipe Morales\" \/>\n\t<meta name=\"twitter:label2\" content=\"Gesch\u00e4tzte Lesezeit\" \/>\n\t<meta name=\"twitter:data2\" content=\"2\u00a0Minuten\" \/>\n<script type=\"application\/ld+json\" class=\"yoast-schema-graph\">{\"@context\":\"https:\/\/schema.org\",\"@graph\":[{\"@type\":\"Article\",\"@id\":\"https:\/\/felipemorales.se\/de\/blog\/suedkorea-wm-aufstellung\/#article\",\"isPartOf\":{\"@id\":\"https:\/\/felipemorales.se\/de\/blog\/suedkorea-wm-aufstellung\/\"},\"author\":{\"name\":\"Felipe Morales\",\"@id\":\"https:\/\/felipemorales.se\/#\/schema\/person\/4d0c058205dd7a8b40a831f5ea679acb\"},\"headline\":\"S\u00fcdkorea Wm Aufstellung\",\"datePublished\":\"2024-03-02T02:00:00+00:00\",\"dateModified\":\"2024-03-02T02:00:00+00:00\",\"mainEntityOfPage\":{\"@id\":\"https:\/\/felipemorales.se\/de\/blog\/suedkorea-wm-aufstellung\/\"},\"wordCount\":486,\"commentCount\":0,\"publisher\":{\"@id\":\"https:\/\/felipemorales.se\/#organization\"},\"articleSection\":[\"Blog\"],\"inLanguage\":\"de\",\"potentialAction\":[{\"@type\":\"CommentAction\",\"name\":\"Comment\",\"target\":[\"https:\/\/felipemorales.se\/de\/blog\/suedkorea-wm-aufstellung\/#respond\"]}]},{\"@type\":\"WebPage\",\"@id\":\"https:\/\/felipemorales.se\/de\/blog\/suedkorea-wm-aufstellung\/\",\"url\":\"https:\/\/felipemorales.se\/de\/blog\/suedkorea-wm-aufstellung\/\",\"name\":\"S\u00fcdkorea Wm Aufstellung - Felipe Morales - Start\",\"isPartOf\":{\"@id\":\"https:\/\/felipemorales.se\/#website\"},\"datePublished\":\"2024-03-02T02:00:00+00:00\",\"dateModified\":\"2024-03-02T02:00:00+00:00\",\"breadcrumb\":{\"@id\":\"https:\/\/felipemorales.se\/de\/blog\/suedkorea-wm-aufstellung\/#breadcrumb\"},\"inLanguage\":\"de\",\"potentialAction\":[{\"@type\":\"ReadAction\",\"target\":[\"https:\/\/felipemorales.se\/de\/blog\/suedkorea-wm-aufstellung\/\"]}]},{\"@type\":\"BreadcrumbList\",\"@id\":\"https:\/\/felipemorales.se\/de\/blog\/suedkorea-wm-aufstellung\/#breadcrumb\",\"itemListElement\":[{\"@type\":\"ListItem\",\"position\":1,\"name\":\"Hem\",\"item\":\"https:\/\/felipemorales.se\/\"},{\"@type\":\"ListItem\",\"position\":2,\"name\":\"S\u00fcdkorea Wm Aufstellung\"}]},{\"@type\":\"WebSite\",\"@id\":\"https:\/\/felipemorales.se\/#website\",\"url\":\"https:\/\/felipemorales.se\/\",\"name\":\"Felipe Morales - Start\",\"description\":\"\",\"publisher\":{\"@id\":\"https:\/\/felipemorales.se\/#organization\"},\"potentialAction\":[{\"@type\":\"SearchAction\",\"target\":{\"@type\":\"EntryPoint\",\"urlTemplate\":\"https:\/\/felipemorales.se\/?s={search_term_string}\"},\"query-input\":\"required name=search_term_string\"}],\"inLanguage\":\"de\"},{\"@type\":\"Organization\",\"@id\":\"https:\/\/felipemorales.se\/#organization\",\"name\":\"Felipe Morales - Start\",\"url\":\"https:\/\/felipemorales.se\/\",\"logo\":{\"@type\":\"ImageObject\",\"inLanguage\":\"de\",\"@id\":\"https:\/\/felipemorales.se\/#\/schema\/logo\/image\/\",\"url\":\"https:\/\/felipemorales.se\/wp-content\/uploads\/2022\/06\/cropped-LENNIX2.png\",\"contentUrl\":\"https:\/\/felipemorales.se\/wp-content\/uploads\/2022\/06\/cropped-LENNIX2.png\",\"width\":239,\"height\":130,\"caption\":\"Felipe Morales - Start\"},\"image\":{\"@id\":\"https:\/\/felipemorales.se\/#\/schema\/logo\/image\/\"}},{\"@type\":\"Person\",\"@id\":\"https:\/\/felipemorales.se\/#\/schema\/person\/4d0c058205dd7a8b40a831f5ea679acb\",\"name\":\"Felipe Morales\",\"image\":{\"@type\":\"ImageObject\",\"inLanguage\":\"de\",\"@id\":\"https:\/\/felipemorales.se\/#\/schema\/person\/image\/\",\"url\":\"https:\/\/secure.gravatar.com\/avatar\/74a35ce9b4df2e2ad0437691c150e5e4ad24c09ce8e9d2f7396ceed29f5b7b64?s=96&d=mm&r=g\",\"contentUrl\":\"https:\/\/secure.gravatar.com\/avatar\/74a35ce9b4df2e2ad0437691c150e5e4ad24c09ce8e9d2f7396ceed29f5b7b64?s=96&d=mm&r=g\",\"caption\":\"Felipe Morales\"},\"sameAs\":[\"https:\/\/felipemorales.se\"]}]}<\/script>\n<!-- \/ Yoast SEO plugin. -->","yoast_head_json":{"title":"S\u00fcdkorea Wm Aufstellung - Felipe Morales - Start","robots":{"index":"index","follow":"follow","max-snippet":"max-snippet:-1","max-image-preview":"max-image-preview:large","max-video-preview":"max-video-preview:-1"},"canonical":"https:\/\/felipemorales.se\/de\/blog\/suedkorea-wm-aufstellung\/","og_locale":"de_DE","og_type":"article","og_title":"S\u00fcdkorea Wm Aufstellung - Felipe Morales - Start","og_description":"Die Teilnahme S\u00fcdkoreas an der Fu\u00dfball-Weltmeisterschaft ist immer von gro\u00dfer Aufregung und Antizipation begleitet. Die nationale Mannschaft, oft als &#8222;Taeguk Warriors&#8220; bezeichnet, hat eine Geschichte voller bemerkenswerter Momente und herausragender Leistungen auf dem globalen Fu\u00dfballfeld. Ihre Aufstellung bei der WM ist ein hei\u00df diskutiertes Thema unter Fu\u00dfballexperten und Fans gleicherma\u00dfen. In diesem Artikel werfen wir [&hellip;]","og_url":"https:\/\/felipemorales.se\/de\/blog\/suedkorea-wm-aufstellung\/","og_site_name":"Felipe Morales - Start","article_published_time":"2024-03-02T02:00:00+00:00","og_image":[{"width":1290,"height":790,"url":"https:\/\/felipemorales.se\/wp-content\/uploads\/2024\/02\/fotball-kopia-3.jpg","type":"image\/jpeg"}],"author":"Felipe Morales","twitter_card":"summary_large_image","twitter_misc":{"Verfasst von":"Felipe Morales","Gesch\u00e4tzte Lesezeit":"2\u00a0Minuten"},"schema":{"@context":"https:\/\/schema.org","@graph":[{"@type":"Article","@id":"https:\/\/felipemorales.se\/de\/blog\/suedkorea-wm-aufstellung\/#article","isPartOf":{"@id":"https:\/\/felipemorales.se\/de\/blog\/suedkorea-wm-aufstellung\/"},"author":{"name":"Felipe Morales","@id":"https:\/\/felipemorales.se\/#\/schema\/person\/4d0c058205dd7a8b40a831f5ea679acb"},"headline":"S\u00fcdkorea Wm Aufstellung","datePublished":"2024-03-02T02:00:00+00:00","dateModified":"2024-03-02T02:00:00+00:00","mainEntityOfPage":{"@id":"https:\/\/felipemorales.se\/de\/blog\/suedkorea-wm-aufstellung\/"},"wordCount":486,"commentCount":0,"publisher":{"@id":"https:\/\/felipemorales.se\/#organization"},"articleSection":["Blog"],"inLanguage":"de","potentialAction":[{"@type":"CommentAction","name":"Comment","target":["https:\/\/felipemorales.se\/de\/blog\/suedkorea-wm-aufstellung\/#respond"]}]},{"@type":"WebPage","@id":"https:\/\/felipemorales.se\/de\/blog\/suedkorea-wm-aufstellung\/","url":"https:\/\/felipemorales.se\/de\/blog\/suedkorea-wm-aufstellung\/","name":"S\u00fcdkorea Wm Aufstellung - Felipe Morales - Start","isPartOf":{"@id":"https:\/\/felipemorales.se\/#website"},"datePublished":"2024-03-02T02:00:00+00:00","dateModified":"2024-03-02T02:00:00+00:00","breadcrumb":{"@id":"https:\/\/felipemorales.se\/de\/blog\/suedkorea-wm-aufstellung\/#breadcrumb"},"inLanguage":"de","potentialAction":[{"@type":"ReadAction","target":["https:\/\/felipemorales.se\/de\/blog\/suedkorea-wm-aufstellung\/"]}]},{"@type":"BreadcrumbList","@id":"https:\/\/felipemorales.se\/de\/blog\/suedkorea-wm-aufstellung\/#breadcrumb","itemListElement":[{"@type":"ListItem","position":1,"name":"Hem","item":"https:\/\/felipemorales.se\/"},{"@type":"ListItem","position":2,"name":"S\u00fcdkorea Wm Aufstellung"}]},{"@type":"WebSite","@id":"https:\/\/felipemorales.se\/#website","url":"https:\/\/felipemorales.se\/","name":"Felipe Morales - Start","description":"","publisher":{"@id":"https:\/\/felipemorales.se\/#organization"},"potentialAction":[{"@type":"SearchAction","target":{"@type":"EntryPoint","urlTemplate":"https:\/\/felipemorales.se\/?s={search_term_string}"},"query-input":"required name=search_term_string"}],"inLanguage":"de"},{"@type":"Organization","@id":"https:\/\/felipemorales.se\/#organization","name":"Felipe Morales - Start","url":"https:\/\/felipemorales.se\/","logo":{"@type":"ImageObject","inLanguage":"de","@id":"https:\/\/felipemorales.se\/#\/schema\/logo\/image\/","url":"https:\/\/felipemorales.se\/wp-content\/uploads\/2022\/06\/cropped-LENNIX2.png","contentUrl":"https:\/\/felipemorales.se\/wp-content\/uploads\/2022\/06\/cropped-LENNIX2.png","width":239,"height":130,"caption":"Felipe Morales - Start"},"image":{"@id":"https:\/\/felipemorales.se\/#\/schema\/logo\/image\/"}},{"@type":"Person","@id":"https:\/\/felipemorales.se\/#\/schema\/person\/4d0c058205dd7a8b40a831f5ea679acb","name":"Felipe Morales","image":{"@type":"ImageObject","inLanguage":"de","@id":"https:\/\/felipemorales.se\/#\/schema\/person\/image\/","url":"https:\/\/secure.gravatar.com\/avatar\/74a35ce9b4df2e2ad0437691c150e5e4ad24c09ce8e9d2f7396ceed29f5b7b64?s=96&d=mm&r=g","contentUrl":"https:\/\/secure.gravatar.com\/avatar\/74a35ce9b4df2e2ad0437691c150e5e4ad24c09ce8e9d2f7396ceed29f5b7b64?s=96&d=mm&r=g","caption":"Felipe Morales"},"sameAs":["https:\/\/felipemorales.se"]}]}},"_links":{"self":[{"href":"https:\/\/felipemorales.se\/de\/wp-json\/wp\/v2\/posts\/2606","targetHints":{"allow":["GET"]}}],"collection":[{"href":"https:\/\/felipemorales.se\/de\/wp-json\/wp\/v2\/posts"}],"about":[{"href":"https:\/\/felipemorales.se\/de\/wp-json\/wp\/v2\/types\/post"}],"author":[{"embeddable":true,"href":"https:\/\/felipemorales.se\/de\/wp-json\/wp\/v2\/users\/1"}],"replies":[{"embeddable":true,"href":"https:\/\/felipemorales.se\/de\/wp-json\/wp\/v2\/comments?post=2606"}],"version-history":[{"count":1,"href":"https:\/\/felipemorales.se\/de\/wp-json\/wp\/v2\/posts\/2606\/revisions"}],"predecessor-version":[{"id":2651,"href":"https:\/\/felipemorales.se\/de\/wp-json\/wp\/v2\/posts\/2606\/revisions\/2651"}],"wp:featuredmedia":[{"embeddable":true,"href":"https:\/\/felipemorales.se\/de\/wp-json\/wp\/v2\/media\/2547"}],"wp:attachment":[{"href":"https:\/\/felipemorales.se\/de\/wp-json\/wp\/v2\/media?parent=2606"}],"wp:term":[{"taxonomy":"category","embeddable":true,"href":"https:\/\/felipemorales.se\/de\/wp-json\/wp\/v2\/categories?post=2606"},{"taxonomy":"post_tag","embeddable":true,"href":"https:\/\/felipemorales.se\/de\/wp-json\/wp\/v2\/tags?post=2606"}],"curies":[{"name":"wp","href":"https:\/\/api.w.org\/{rel}","templated":true}]}}