{"id":2623,"date":"2024-03-20T20:00:00","date_gmt":"2024-03-20T20:00:00","guid":{"rendered":"https:\/\/felipemorales.se\/?p=2623"},"modified":"2024-03-20T20:00:00","modified_gmt":"2024-03-20T20:00:00","slug":"bayern-bremen-aufstellung","status":"publish","type":"post","link":"http:\/\/felipemorales.se\/de\/blog\/bayern-bremen-aufstellung\/","title":{"rendered":"Bayern Bremen Aufstellung"},"content":{"rendered":"<p>Der Fu\u00dfball ist eine Quelle unendlicher Leidenschaft und jedes Spiel bringt neue Strategien, Helden und Geschichten. Ein besonders spannendes Duell, das immer wieder Fans und Experten gleicherma\u00dfen fesselt, ist das Aufeinandertreffen von Bayern M\u00fcnchen und Werder Bremen. In diesem Artikel werfen wir einen genauen Blick auf die m\u00f6gliche Aufstellung beider Teams bei solch einer Begegnung.<\/p>\n<h2>Historische Leistungen von Bayern und Bremen<\/h2>\n<p>Bevor wir uns den spezifischen Aufstellungen der Teams widmen, ist es hilfreich, einen Blick auf die historischen Leistungen zu werfen. Bayern M\u00fcnchen, mit seinen zahlreichen nationalen und internationalen Titeln, gilt als einer der st\u00e4rksten Vereine in der Welt des Fu\u00dfballs. Werder Bremen, obwohl in j\u00fcngster Zeit weniger dominant, hat eine reiche Geschichte und war oft daf\u00fcr bekannt, gro\u00dfen Teams starke Spiele zu liefern. <\/p>\n<h2>Potentielle Aufstellung von Bayern M\u00fcnchen<\/h2>\n<p>In der typischen Formation k\u00f6nnte Bayern M\u00fcnchen folgenderma\u00dfen auftreten:<\/p>\n<table>\n<tr>\n<th>Position<\/th>\n<th>Spieler<\/th>\n<\/tr>\n<tr>\n<td>Torwart<\/td>\n<td>Manuel Neuer<\/td>\n<\/tr>\n<tr>\n<td>Verteidigung<\/td>\n<td>Lucas Hern\u00e1ndez, Dayot Upamecano, Benjamin Pavard, Alphonso Davies<\/td>\n<\/tr>\n<tr>\n<td>Mittelfeld<\/td>\n<td>Joshua Kimmich, Leon Goretzka, Thomas M\u00fcller<\/td>\n<\/tr>\n<tr>\n<td>Sturm<\/td>\n<td>Serge Gnabry, Robert Lewandowski (oder neuer St\u00fcrmer), Leroy San\u00e9<\/td>\n<\/tr>\n<\/table>\n<h2>Potentielle Aufstellung von Werder Bremen<\/h2>\n<p>Auf der anderen Seite k\u00f6nnte Werder Bremen sich so aufstellen:<\/p>\n<table>\n<tr>\n<th>Position<\/th>\n<th>Spieler<\/th>\n<\/tr>\n<tr>\n<td>Torwart<\/td>\n<td>Jiri Pavlenka<\/td>\n<\/tr>\n<tr>\n<td>Verteidigung<\/td>\n<td>Miloslav Mo\u010di\u0107, \u00d6mer Toprak, Ludwig Augustinsson, Theodor Gebre Selassie<\/td>\n<\/tr>\n<tr>\n<td>Mittelfeld<\/td>\n<td>Maximilian Eggestein, Leonardo Bittencourt, Maximilian Eggestein<\/td>\n<\/tr>\n<tr>\n<td>Sturm<\/td>\n<td>Niclas F\u00fcllkrug, Joshua Sargent<\/td>\n<\/tr>\n<\/table>\n<h2>Schl\u00fcsselspieler und Match-Winner<\/h2>\n<ul>\n<li><strong>Manuel Neuer<\/strong>: Oft als einer der besten Torh\u00fcter der Welt bezeichnet, ist seine Rolle f\u00fcr Bayern unersetzlich.<\/li>\n<li><strong>Robert Lewandowski<\/strong>: Obwohl seine Zukunft ungewiss sein mag, bleibt er ein entscheidender Spieler im Angriff f\u00fcr Bayern.<\/li>\n<li><strong>Jiri Pavlenka<\/strong>: Bei Bremen im Tor kann Pavlenka an seinen besten Tagen Spiele retten.<\/li>\n<li><strong>Maximilian Eggestein<\/strong>: Im Mittelfeld Bremens, sorgt er f\u00fcr die n\u00f6tige Kreativit\u00e4t und Dynamik.<\/li>\n<\/ul>\n<p>Die Aufstellung beider Teams verspricht ein spannendes und taktisch interessantes Spiel. W\u00e4hrend Bayern vielleicht auf dem Papier der Favorit ist, hat die Geschichte gezeigt, dass im Fu\u00dfball alles passieren kann &#8211; besonders in Spielen, wo so viel auf dem Spiel steht. Die Fans k\u00f6nnen sich auf eine packende Begegnung freuen, die sicherlich wieder einmal die Liebe zum Fu\u00dfball entfacht.<\/p>\n","protected":false},"excerpt":{"rendered":"<p>Der Fu\u00dfball ist eine Quelle unendlicher Leidenschaft und jedes Spiel bringt neue Strategien, Helden und Geschichten. Ein besonders spannendes Duell, das immer wieder Fans und Experten gleicherma\u00dfen fesselt, ist das Aufeinandertreffen von Bayern M\u00fcnchen und Werder Bremen. In diesem Artikel werfen wir einen genauen Blick auf die m\u00f6gliche Aufstellung beider Teams bei solch einer Begegnung. [&hellip;]<\/p>\n","protected":false},"author":1,"featured_media":2505,"comment_status":"open","ping_status":"open","sticky":false,"template":"","format":"standard","meta":{"footnotes":""},"categories":[29],"tags":[],"class_list":["post-2623","post","type-post","status-publish","format-standard","has-post-thumbnail","hentry","category-blog"],"yoast_head":"<!-- This site is optimized with the Yoast SEO plugin v22.0 - https:\/\/yoast.com\/wordpress\/plugins\/seo\/ -->\n<title>Bayern Bremen Aufstellung - Felipe Morales - Start<\/title>\n<meta name=\"robots\" content=\"index, follow, max-snippet:-1, max-image-preview:large, max-video-preview:-1\" \/>\n<link rel=\"canonical\" href=\"https:\/\/felipemorales.se\/de\/blog\/bayern-bremen-aufstellung\/\" \/>\n<meta property=\"og:locale\" content=\"de_DE\" \/>\n<meta property=\"og:type\" content=\"article\" \/>\n<meta property=\"og:title\" content=\"Bayern Bremen Aufstellung - Felipe Morales - Start\" \/>\n<meta property=\"og:description\" content=\"Der Fu\u00dfball ist eine Quelle unendlicher Leidenschaft und jedes Spiel bringt neue Strategien, Helden und Geschichten. Ein besonders spannendes Duell, das immer wieder Fans und Experten gleicherma\u00dfen fesselt, ist das Aufeinandertreffen von Bayern M\u00fcnchen und Werder Bremen. In diesem Artikel werfen wir einen genauen Blick auf die m\u00f6gliche Aufstellung beider Teams bei solch einer Begegnung. [&hellip;]\" \/>\n<meta property=\"og:url\" content=\"https:\/\/felipemorales.se\/de\/blog\/bayern-bremen-aufstellung\/\" \/>\n<meta property=\"og:site_name\" content=\"Felipe Morales - Start\" \/>\n<meta property=\"article:published_time\" content=\"2024-03-20T20:00:00+00:00\" \/>\n<meta property=\"og:image\" content=\"https:\/\/felipemorales.se\/wp-content\/uploads\/2024\/02\/fotball-4-3.jpg\" \/>\n\t<meta property=\"og:image:width\" content=\"1290\" \/>\n\t<meta property=\"og:image:height\" content=\"790\" \/>\n\t<meta property=\"og:image:type\" content=\"image\/jpeg\" \/>\n<meta name=\"author\" content=\"Felipe Morales\" \/>\n<meta name=\"twitter:card\" content=\"summary_large_image\" \/>\n<meta name=\"twitter:label1\" content=\"Verfasst von\" \/>\n\t<meta name=\"twitter:data1\" content=\"Felipe Morales\" \/>\n\t<meta name=\"twitter:label2\" content=\"Gesch\u00e4tzte Lesezeit\" \/>\n\t<meta name=\"twitter:data2\" content=\"2\u00a0Minuten\" \/>\n<script type=\"application\/ld+json\" class=\"yoast-schema-graph\">{\"@context\":\"https:\/\/schema.org\",\"@graph\":[{\"@type\":\"Article\",\"@id\":\"https:\/\/felipemorales.se\/de\/blog\/bayern-bremen-aufstellung\/#article\",\"isPartOf\":{\"@id\":\"https:\/\/felipemorales.se\/de\/blog\/bayern-bremen-aufstellung\/\"},\"author\":{\"name\":\"Felipe Morales\",\"@id\":\"http:\/\/felipemorales.se\/#\/schema\/person\/4d0c058205dd7a8b40a831f5ea679acb\"},\"headline\":\"Bayern Bremen Aufstellung\",\"datePublished\":\"2024-03-20T20:00:00+00:00\",\"dateModified\":\"2024-03-20T20:00:00+00:00\",\"mainEntityOfPage\":{\"@id\":\"https:\/\/felipemorales.se\/de\/blog\/bayern-bremen-aufstellung\/\"},\"wordCount\":368,\"commentCount\":0,\"publisher\":{\"@id\":\"http:\/\/felipemorales.se\/#organization\"},\"articleSection\":[\"Blog\"],\"inLanguage\":\"de\",\"potentialAction\":[{\"@type\":\"CommentAction\",\"name\":\"Comment\",\"target\":[\"https:\/\/felipemorales.se\/de\/blog\/bayern-bremen-aufstellung\/#respond\"]}]},{\"@type\":\"WebPage\",\"@id\":\"https:\/\/felipemorales.se\/de\/blog\/bayern-bremen-aufstellung\/\",\"url\":\"https:\/\/felipemorales.se\/de\/blog\/bayern-bremen-aufstellung\/\",\"name\":\"Bayern Bremen Aufstellung - Felipe Morales - Start\",\"isPartOf\":{\"@id\":\"http:\/\/felipemorales.se\/#website\"},\"datePublished\":\"2024-03-20T20:00:00+00:00\",\"dateModified\":\"2024-03-20T20:00:00+00:00\",\"breadcrumb\":{\"@id\":\"https:\/\/felipemorales.se\/de\/blog\/bayern-bremen-aufstellung\/#breadcrumb\"},\"inLanguage\":\"de\",\"potentialAction\":[{\"@type\":\"ReadAction\",\"target\":[\"https:\/\/felipemorales.se\/de\/blog\/bayern-bremen-aufstellung\/\"]}]},{\"@type\":\"BreadcrumbList\",\"@id\":\"https:\/\/felipemorales.se\/de\/blog\/bayern-bremen-aufstellung\/#breadcrumb\",\"itemListElement\":[{\"@type\":\"ListItem\",\"position\":1,\"name\":\"Hem\",\"item\":\"http:\/\/felipemorales.se\/\"},{\"@type\":\"ListItem\",\"position\":2,\"name\":\"Bayern Bremen Aufstellung\"}]},{\"@type\":\"WebSite\",\"@id\":\"http:\/\/felipemorales.se\/#website\",\"url\":\"http:\/\/felipemorales.se\/\",\"name\":\"Felipe Morales - Start\",\"description\":\"\",\"publisher\":{\"@id\":\"http:\/\/felipemorales.se\/#organization\"},\"potentialAction\":[{\"@type\":\"SearchAction\",\"target\":{\"@type\":\"EntryPoint\",\"urlTemplate\":\"http:\/\/felipemorales.se\/?s={search_term_string}\"},\"query-input\":\"required name=search_term_string\"}],\"inLanguage\":\"de\"},{\"@type\":\"Organization\",\"@id\":\"http:\/\/felipemorales.se\/#organization\",\"name\":\"Felipe Morales - Start\",\"url\":\"http:\/\/felipemorales.se\/\",\"logo\":{\"@type\":\"ImageObject\",\"inLanguage\":\"de\",\"@id\":\"http:\/\/felipemorales.se\/#\/schema\/logo\/image\/\",\"url\":\"http:\/\/felipemorales.se\/wp-content\/uploads\/2022\/06\/cropped-LENNIX2.png\",\"contentUrl\":\"http:\/\/felipemorales.se\/wp-content\/uploads\/2022\/06\/cropped-LENNIX2.png\",\"width\":239,\"height\":130,\"caption\":\"Felipe Morales - Start\"},\"image\":{\"@id\":\"http:\/\/felipemorales.se\/#\/schema\/logo\/image\/\"}},{\"@type\":\"Person\",\"@id\":\"http:\/\/felipemorales.se\/#\/schema\/person\/4d0c058205dd7a8b40a831f5ea679acb\",\"name\":\"Felipe Morales\",\"image\":{\"@type\":\"ImageObject\",\"inLanguage\":\"de\",\"@id\":\"http:\/\/felipemorales.se\/#\/schema\/person\/image\/\",\"url\":\"https:\/\/secure.gravatar.com\/avatar\/74a35ce9b4df2e2ad0437691c150e5e4ad24c09ce8e9d2f7396ceed29f5b7b64?s=96&d=mm&r=g\",\"contentUrl\":\"https:\/\/secure.gravatar.com\/avatar\/74a35ce9b4df2e2ad0437691c150e5e4ad24c09ce8e9d2f7396ceed29f5b7b64?s=96&d=mm&r=g\",\"caption\":\"Felipe Morales\"},\"sameAs\":[\"http:\/\/felipemorales.se\"]}]}<\/script>\n<!-- \/ Yoast SEO plugin. -->","yoast_head_json":{"title":"Bayern Bremen Aufstellung - Felipe Morales - Start","robots":{"index":"index","follow":"follow","max-snippet":"max-snippet:-1","max-image-preview":"max-image-preview:large","max-video-preview":"max-video-preview:-1"},"canonical":"https:\/\/felipemorales.se\/de\/blog\/bayern-bremen-aufstellung\/","og_locale":"de_DE","og_type":"article","og_title":"Bayern Bremen Aufstellung - Felipe Morales - Start","og_description":"Der Fu\u00dfball ist eine Quelle unendlicher Leidenschaft und jedes Spiel bringt neue Strategien, Helden und Geschichten. Ein besonders spannendes Duell, das immer wieder Fans und Experten gleicherma\u00dfen fesselt, ist das Aufeinandertreffen von Bayern M\u00fcnchen und Werder Bremen. In diesem Artikel werfen wir einen genauen Blick auf die m\u00f6gliche Aufstellung beider Teams bei solch einer Begegnung. [&hellip;]","og_url":"https:\/\/felipemorales.se\/de\/blog\/bayern-bremen-aufstellung\/","og_site_name":"Felipe Morales - Start","article_published_time":"2024-03-20T20:00:00+00:00","og_image":[{"width":1290,"height":790,"url":"https:\/\/felipemorales.se\/wp-content\/uploads\/2024\/02\/fotball-4-3.jpg","type":"image\/jpeg"}],"author":"Felipe Morales","twitter_card":"summary_large_image","twitter_misc":{"Verfasst von":"Felipe Morales","Gesch\u00e4tzte Lesezeit":"2\u00a0Minuten"},"schema":{"@context":"https:\/\/schema.org","@graph":[{"@type":"Article","@id":"https:\/\/felipemorales.se\/de\/blog\/bayern-bremen-aufstellung\/#article","isPartOf":{"@id":"https:\/\/felipemorales.se\/de\/blog\/bayern-bremen-aufstellung\/"},"author":{"name":"Felipe Morales","@id":"http:\/\/felipemorales.se\/#\/schema\/person\/4d0c058205dd7a8b40a831f5ea679acb"},"headline":"Bayern Bremen Aufstellung","datePublished":"2024-03-20T20:00:00+00:00","dateModified":"2024-03-20T20:00:00+00:00","mainEntityOfPage":{"@id":"https:\/\/felipemorales.se\/de\/blog\/bayern-bremen-aufstellung\/"},"wordCount":368,"commentCount":0,"publisher":{"@id":"http:\/\/felipemorales.se\/#organization"},"articleSection":["Blog"],"inLanguage":"de","potentialAction":[{"@type":"CommentAction","name":"Comment","target":["https:\/\/felipemorales.se\/de\/blog\/bayern-bremen-aufstellung\/#respond"]}]},{"@type":"WebPage","@id":"https:\/\/felipemorales.se\/de\/blog\/bayern-bremen-aufstellung\/","url":"https:\/\/felipemorales.se\/de\/blog\/bayern-bremen-aufstellung\/","name":"Bayern Bremen Aufstellung - Felipe Morales - Start","isPartOf":{"@id":"http:\/\/felipemorales.se\/#website"},"datePublished":"2024-03-20T20:00:00+00:00","dateModified":"2024-03-20T20:00:00+00:00","breadcrumb":{"@id":"https:\/\/felipemorales.se\/de\/blog\/bayern-bremen-aufstellung\/#breadcrumb"},"inLanguage":"de","potentialAction":[{"@type":"ReadAction","target":["https:\/\/felipemorales.se\/de\/blog\/bayern-bremen-aufstellung\/"]}]},{"@type":"BreadcrumbList","@id":"https:\/\/felipemorales.se\/de\/blog\/bayern-bremen-aufstellung\/#breadcrumb","itemListElement":[{"@type":"ListItem","position":1,"name":"Hem","item":"http:\/\/felipemorales.se\/"},{"@type":"ListItem","position":2,"name":"Bayern Bremen Aufstellung"}]},{"@type":"WebSite","@id":"http:\/\/felipemorales.se\/#website","url":"http:\/\/felipemorales.se\/","name":"Felipe Morales - Start","description":"","publisher":{"@id":"http:\/\/felipemorales.se\/#organization"},"potentialAction":[{"@type":"SearchAction","target":{"@type":"EntryPoint","urlTemplate":"http:\/\/felipemorales.se\/?s={search_term_string}"},"query-input":"required name=search_term_string"}],"inLanguage":"de"},{"@type":"Organization","@id":"http:\/\/felipemorales.se\/#organization","name":"Felipe Morales - Start","url":"http:\/\/felipemorales.se\/","logo":{"@type":"ImageObject","inLanguage":"de","@id":"http:\/\/felipemorales.se\/#\/schema\/logo\/image\/","url":"http:\/\/felipemorales.se\/wp-content\/uploads\/2022\/06\/cropped-LENNIX2.png","contentUrl":"http:\/\/felipemorales.se\/wp-content\/uploads\/2022\/06\/cropped-LENNIX2.png","width":239,"height":130,"caption":"Felipe Morales - Start"},"image":{"@id":"http:\/\/felipemorales.se\/#\/schema\/logo\/image\/"}},{"@type":"Person","@id":"http:\/\/felipemorales.se\/#\/schema\/person\/4d0c058205dd7a8b40a831f5ea679acb","name":"Felipe Morales","image":{"@type":"ImageObject","inLanguage":"de","@id":"http:\/\/felipemorales.se\/#\/schema\/person\/image\/","url":"https:\/\/secure.gravatar.com\/avatar\/74a35ce9b4df2e2ad0437691c150e5e4ad24c09ce8e9d2f7396ceed29f5b7b64?s=96&d=mm&r=g","contentUrl":"https:\/\/secure.gravatar.com\/avatar\/74a35ce9b4df2e2ad0437691c150e5e4ad24c09ce8e9d2f7396ceed29f5b7b64?s=96&d=mm&r=g","caption":"Felipe Morales"},"sameAs":["http:\/\/felipemorales.se"]}]}},"_links":{"self":[{"href":"http:\/\/felipemorales.se\/de\/wp-json\/wp\/v2\/posts\/2623","targetHints":{"allow":["GET"]}}],"collection":[{"href":"http:\/\/felipemorales.se\/de\/wp-json\/wp\/v2\/posts"}],"about":[{"href":"http:\/\/felipemorales.se\/de\/wp-json\/wp\/v2\/types\/post"}],"author":[{"embeddable":true,"href":"http:\/\/felipemorales.se\/de\/wp-json\/wp\/v2\/users\/1"}],"replies":[{"embeddable":true,"href":"http:\/\/felipemorales.se\/de\/wp-json\/wp\/v2\/comments?post=2623"}],"version-history":[{"count":1,"href":"http:\/\/felipemorales.se\/de\/wp-json\/wp\/v2\/posts\/2623\/revisions"}],"predecessor-version":[{"id":2703,"href":"http:\/\/felipemorales.se\/de\/wp-json\/wp\/v2\/posts\/2623\/revisions\/2703"}],"wp:featuredmedia":[{"embeddable":true,"href":"http:\/\/felipemorales.se\/de\/wp-json\/wp\/v2\/media\/2505"}],"wp:attachment":[{"href":"http:\/\/felipemorales.se\/de\/wp-json\/wp\/v2\/media?parent=2623"}],"wp:term":[{"taxonomy":"category","embeddable":true,"href":"http:\/\/felipemorales.se\/de\/wp-json\/wp\/v2\/categories?post=2623"},{"taxonomy":"post_tag","embeddable":true,"href":"http:\/\/felipemorales.se\/de\/wp-json\/wp\/v2\/tags?post=2623"}],"curies":[{"name":"wp","href":"https:\/\/api.w.org\/{rel}","templated":true}]}}