{"id":2618,"date":"2024-03-15T15:00:00","date_gmt":"2024-03-15T15:00:00","guid":{"rendered":"https:\/\/felipemorales.se\/?p=2618"},"modified":"2024-03-15T15:00:00","modified_gmt":"2024-03-15T15:00:00","slug":"aufstellung-werder-bremen","status":"publish","type":"post","link":"http:\/\/felipemorales.se\/de\/blog\/aufstellung-werder-bremen\/","title":{"rendered":"Aufstellung Werder Bremen"},"content":{"rendered":"<p>Werder Bremen, ein Club mit einer reichen Geschichte und einer leidenschaftlichen Fangemeinde, steht immer im Mittelpunkt der Aufmerksamkeit der Bundesliga. Die Aufstellung dieser Mannschaft, ihre Taktik und ihre Spielerwahl sind entscheidende Faktoren f\u00fcr ihren Erfolg auf dem Spielfeld. In diesem Artikel werfen wir einen genaueren Blick auf die aktuelle Aufstellung von Werder Bremen, ihre Schl\u00fcsselspieler und was sie in dieser Saison so besonders macht.<\/p>\n<h2>Aktuelle Aufstellung und Formation von Werder Bremen<\/h2>\n<p>Die Grundlage jedes erfolgreichen Teams ist eine solide Aufstellung und eine strategische Formation. Werder Bremen hat im Laufe der Jahre verschiedene Formationen erprobt, aber in dieser Saison scheint der Club eine Pr\u00e4ferenz f\u00fcr das flexible 3-5-2-System zu entwickeln. Diese Formation erm\u00f6glicht es der Mannschaft, sowohl in der Offensive als auch in der Defensive stark zu sein, mit einer Dreierkette in der Abwehr, die durch fl\u00fcgelstarke Mittelfeldspieler unterst\u00fctzt wird.<\/p>\n<table>\n<tr>\n<th>Position<\/th>\n<th>Spieler<\/th>\n<\/tr>\n<tr>\n<td>Torwart<\/td>\n<td>Jiri Pavlenka<\/td>\n<\/tr>\n<tr>\n<td>Verteidigung<\/td>\n<td>Milo\u0161 Veljkovic, \u00d6mer Toprak, Marco Friedl<\/td>\n<\/tr>\n<tr>\n<td>Mittelfeld<\/td>\n<td>Maximilian Eggestein, Leonardo Bittencourt, Romano Schmid<\/td>\n<\/tr>\n<tr>\n<td>Angriff<\/td>\n<td>Niclas F\u00fcllkrug, Josh Sargent<\/td>\n<\/tr>\n<\/table>\n<h2>Schl\u00fcsselspieler und Ihre Bedeutung<\/h2>\n<p>In jeder erfolgreichen Mannschaft gibt es Schl\u00fcsselspieler, die den Unterschied ausmachen k\u00f6nnen. Bei Werder Bremen heben sich besonders drei Spieler hervor:<\/p>\n<ul>\n<li><strong>Jiri Pavlenka<\/strong> &#8211; Der Torh\u00fcter ist oft der Unterschied zwischen einem guten und einem gro\u00dfartigen Team, und Pavlenka hat sich als wichtiger R\u00fcckhalt f\u00fcr die Mannschaft erwiesen.<\/li>\n<li><strong>Maximilian Eggestein<\/strong> &#8211; Im Mittelfeld wirkt Eggestein oftmals als Herz der Mannschaft, bringt Ruhe ins Spiel und ist entscheidend beim \u00dcbergang von Verteidigung zu Angriff.<\/li>\n<li><strong>Niclas F\u00fcllkrug<\/strong> &#8211; Als St\u00fcrmer ist F\u00fcllkrug f\u00fcr seine Torgef\u00e4hrlichkeit bekannt und hat schon viele wichtige Treffer f\u00fcr die Mannschaft erzielt.<\/li>\n<\/ul>\n<h2>Ausblick auf die kommende Saison<\/h2>\n<p>Die Aufstellung und die Taktik eines Teams sind immer anpassbar, je nach Gegner und Spielbedingungen. Werder Bremen hat gezeigt, dass sie \u00fcber die Flexibilit\u00e4t und das Talent verf\u00fcgen, um auf h\u00f6chstem Niveau zu konkurrieren. Mit kontinuierlicher Feinabstimmung der Aufstellung und indem die Schl\u00fcsselspieler in Form bleiben, k\u00f6nnte diese Saison eine sehr erfolgreiche f\u00fcr den Club werden. Die Fans und Spieler von Werder Bremen blicken zuversichtlich in die Zukunft und hoffen, ihre Ziele zu erreichen und vielleicht sogar zu \u00fcbertreffen.<\/p>\n","protected":false},"excerpt":{"rendered":"<p>Werder Bremen, ein Club mit einer reichen Geschichte und einer leidenschaftlichen Fangemeinde, steht immer im Mittelpunkt der Aufmerksamkeit der Bundesliga. Die Aufstellung dieser Mannschaft, ihre Taktik und ihre Spielerwahl sind entscheidende Faktoren f\u00fcr ihren Erfolg auf dem Spielfeld. In diesem Artikel werfen wir einen genaueren Blick auf die aktuelle Aufstellung von Werder Bremen, ihre Schl\u00fcsselspieler [&hellip;]<\/p>\n","protected":false},"author":1,"featured_media":2511,"comment_status":"open","ping_status":"open","sticky":false,"template":"","format":"standard","meta":{"footnotes":""},"categories":[29],"tags":[],"class_list":["post-2618","post","type-post","status-publish","format-standard","has-post-thumbnail","hentry","category-blog"],"yoast_head":"<!-- This site is optimized with the Yoast SEO plugin v22.0 - https:\/\/yoast.com\/wordpress\/plugins\/seo\/ -->\n<title>Aufstellung Werder Bremen - Felipe Morales - Start<\/title>\n<meta name=\"robots\" content=\"index, follow, max-snippet:-1, max-image-preview:large, max-video-preview:-1\" \/>\n<link rel=\"canonical\" href=\"http:\/\/felipemorales.se\/de\/blog\/aufstellung-werder-bremen\/\" \/>\n<meta property=\"og:locale\" content=\"de_DE\" \/>\n<meta property=\"og:type\" content=\"article\" \/>\n<meta property=\"og:title\" content=\"Aufstellung Werder Bremen - Felipe Morales - Start\" \/>\n<meta property=\"og:description\" content=\"Werder Bremen, ein Club mit einer reichen Geschichte und einer leidenschaftlichen Fangemeinde, steht immer im Mittelpunkt der Aufmerksamkeit der Bundesliga. Die Aufstellung dieser Mannschaft, ihre Taktik und ihre Spielerwahl sind entscheidende Faktoren f\u00fcr ihren Erfolg auf dem Spielfeld. In diesem Artikel werfen wir einen genaueren Blick auf die aktuelle Aufstellung von Werder Bremen, ihre Schl\u00fcsselspieler [&hellip;]\" \/>\n<meta property=\"og:url\" content=\"http:\/\/felipemorales.se\/de\/blog\/aufstellung-werder-bremen\/\" \/>\n<meta property=\"og:site_name\" content=\"Felipe Morales - Start\" \/>\n<meta property=\"article:published_time\" content=\"2024-03-15T15:00:00+00:00\" \/>\n<meta property=\"og:image\" content=\"http:\/\/felipemorales.se\/wp-content\/uploads\/2024\/02\/fotball-5-kopia-3.jpg\" \/>\n\t<meta property=\"og:image:width\" content=\"1290\" \/>\n\t<meta property=\"og:image:height\" content=\"790\" \/>\n\t<meta property=\"og:image:type\" content=\"image\/jpeg\" \/>\n<meta name=\"author\" content=\"Felipe Morales\" \/>\n<meta name=\"twitter:card\" content=\"summary_large_image\" \/>\n<meta name=\"twitter:label1\" content=\"Verfasst von\" \/>\n\t<meta name=\"twitter:data1\" content=\"Felipe Morales\" \/>\n\t<meta name=\"twitter:label2\" content=\"Gesch\u00e4tzte Lesezeit\" \/>\n\t<meta name=\"twitter:data2\" content=\"2\u00a0Minuten\" \/>\n<script type=\"application\/ld+json\" class=\"yoast-schema-graph\">{\"@context\":\"https:\/\/schema.org\",\"@graph\":[{\"@type\":\"Article\",\"@id\":\"http:\/\/felipemorales.se\/de\/blog\/aufstellung-werder-bremen\/#article\",\"isPartOf\":{\"@id\":\"http:\/\/felipemorales.se\/de\/blog\/aufstellung-werder-bremen\/\"},\"author\":{\"name\":\"Felipe Morales\",\"@id\":\"https:\/\/felipemorales.se\/#\/schema\/person\/4d0c058205dd7a8b40a831f5ea679acb\"},\"headline\":\"Aufstellung Werder Bremen\",\"datePublished\":\"2024-03-15T15:00:00+00:00\",\"dateModified\":\"2024-03-15T15:00:00+00:00\",\"mainEntityOfPage\":{\"@id\":\"http:\/\/felipemorales.se\/de\/blog\/aufstellung-werder-bremen\/\"},\"wordCount\":377,\"commentCount\":0,\"publisher\":{\"@id\":\"https:\/\/felipemorales.se\/#organization\"},\"articleSection\":[\"Blog\"],\"inLanguage\":\"de\",\"potentialAction\":[{\"@type\":\"CommentAction\",\"name\":\"Comment\",\"target\":[\"http:\/\/felipemorales.se\/de\/blog\/aufstellung-werder-bremen\/#respond\"]}]},{\"@type\":\"WebPage\",\"@id\":\"http:\/\/felipemorales.se\/de\/blog\/aufstellung-werder-bremen\/\",\"url\":\"http:\/\/felipemorales.se\/de\/blog\/aufstellung-werder-bremen\/\",\"name\":\"Aufstellung Werder Bremen - Felipe Morales - Start\",\"isPartOf\":{\"@id\":\"https:\/\/felipemorales.se\/#website\"},\"datePublished\":\"2024-03-15T15:00:00+00:00\",\"dateModified\":\"2024-03-15T15:00:00+00:00\",\"breadcrumb\":{\"@id\":\"http:\/\/felipemorales.se\/de\/blog\/aufstellung-werder-bremen\/#breadcrumb\"},\"inLanguage\":\"de\",\"potentialAction\":[{\"@type\":\"ReadAction\",\"target\":[\"http:\/\/felipemorales.se\/de\/blog\/aufstellung-werder-bremen\/\"]}]},{\"@type\":\"BreadcrumbList\",\"@id\":\"http:\/\/felipemorales.se\/de\/blog\/aufstellung-werder-bremen\/#breadcrumb\",\"itemListElement\":[{\"@type\":\"ListItem\",\"position\":1,\"name\":\"Hem\",\"item\":\"https:\/\/felipemorales.se\/\"},{\"@type\":\"ListItem\",\"position\":2,\"name\":\"Aufstellung Werder Bremen\"}]},{\"@type\":\"WebSite\",\"@id\":\"https:\/\/felipemorales.se\/#website\",\"url\":\"https:\/\/felipemorales.se\/\",\"name\":\"Felipe Morales - Start\",\"description\":\"\",\"publisher\":{\"@id\":\"https:\/\/felipemorales.se\/#organization\"},\"potentialAction\":[{\"@type\":\"SearchAction\",\"target\":{\"@type\":\"EntryPoint\",\"urlTemplate\":\"https:\/\/felipemorales.se\/?s={search_term_string}\"},\"query-input\":\"required name=search_term_string\"}],\"inLanguage\":\"de\"},{\"@type\":\"Organization\",\"@id\":\"https:\/\/felipemorales.se\/#organization\",\"name\":\"Felipe Morales - Start\",\"url\":\"https:\/\/felipemorales.se\/\",\"logo\":{\"@type\":\"ImageObject\",\"inLanguage\":\"de\",\"@id\":\"https:\/\/felipemorales.se\/#\/schema\/logo\/image\/\",\"url\":\"http:\/\/felipemorales.se\/wp-content\/uploads\/2022\/06\/cropped-LENNIX2.png\",\"contentUrl\":\"http:\/\/felipemorales.se\/wp-content\/uploads\/2022\/06\/cropped-LENNIX2.png\",\"width\":239,\"height\":130,\"caption\":\"Felipe Morales - Start\"},\"image\":{\"@id\":\"https:\/\/felipemorales.se\/#\/schema\/logo\/image\/\"}},{\"@type\":\"Person\",\"@id\":\"https:\/\/felipemorales.se\/#\/schema\/person\/4d0c058205dd7a8b40a831f5ea679acb\",\"name\":\"Felipe Morales\",\"image\":{\"@type\":\"ImageObject\",\"inLanguage\":\"de\",\"@id\":\"https:\/\/felipemorales.se\/#\/schema\/person\/image\/\",\"url\":\"https:\/\/secure.gravatar.com\/avatar\/74a35ce9b4df2e2ad0437691c150e5e4ad24c09ce8e9d2f7396ceed29f5b7b64?s=96&d=mm&r=g\",\"contentUrl\":\"https:\/\/secure.gravatar.com\/avatar\/74a35ce9b4df2e2ad0437691c150e5e4ad24c09ce8e9d2f7396ceed29f5b7b64?s=96&d=mm&r=g\",\"caption\":\"Felipe Morales\"},\"sameAs\":[\"http:\/\/felipemorales.se\"]}]}<\/script>\n<!-- \/ Yoast SEO plugin. -->","yoast_head_json":{"title":"Aufstellung Werder Bremen - Felipe Morales - Start","robots":{"index":"index","follow":"follow","max-snippet":"max-snippet:-1","max-image-preview":"max-image-preview:large","max-video-preview":"max-video-preview:-1"},"canonical":"http:\/\/felipemorales.se\/de\/blog\/aufstellung-werder-bremen\/","og_locale":"de_DE","og_type":"article","og_title":"Aufstellung Werder Bremen - Felipe Morales - Start","og_description":"Werder Bremen, ein Club mit einer reichen Geschichte und einer leidenschaftlichen Fangemeinde, steht immer im Mittelpunkt der Aufmerksamkeit der Bundesliga. Die Aufstellung dieser Mannschaft, ihre Taktik und ihre Spielerwahl sind entscheidende Faktoren f\u00fcr ihren Erfolg auf dem Spielfeld. In diesem Artikel werfen wir einen genaueren Blick auf die aktuelle Aufstellung von Werder Bremen, ihre Schl\u00fcsselspieler [&hellip;]","og_url":"http:\/\/felipemorales.se\/de\/blog\/aufstellung-werder-bremen\/","og_site_name":"Felipe Morales - Start","article_published_time":"2024-03-15T15:00:00+00:00","og_image":[{"width":1290,"height":790,"url":"http:\/\/felipemorales.se\/wp-content\/uploads\/2024\/02\/fotball-5-kopia-3.jpg","type":"image\/jpeg"}],"author":"Felipe Morales","twitter_card":"summary_large_image","twitter_misc":{"Verfasst von":"Felipe Morales","Gesch\u00e4tzte Lesezeit":"2\u00a0Minuten"},"schema":{"@context":"https:\/\/schema.org","@graph":[{"@type":"Article","@id":"http:\/\/felipemorales.se\/de\/blog\/aufstellung-werder-bremen\/#article","isPartOf":{"@id":"http:\/\/felipemorales.se\/de\/blog\/aufstellung-werder-bremen\/"},"author":{"name":"Felipe Morales","@id":"https:\/\/felipemorales.se\/#\/schema\/person\/4d0c058205dd7a8b40a831f5ea679acb"},"headline":"Aufstellung Werder Bremen","datePublished":"2024-03-15T15:00:00+00:00","dateModified":"2024-03-15T15:00:00+00:00","mainEntityOfPage":{"@id":"http:\/\/felipemorales.se\/de\/blog\/aufstellung-werder-bremen\/"},"wordCount":377,"commentCount":0,"publisher":{"@id":"https:\/\/felipemorales.se\/#organization"},"articleSection":["Blog"],"inLanguage":"de","potentialAction":[{"@type":"CommentAction","name":"Comment","target":["http:\/\/felipemorales.se\/de\/blog\/aufstellung-werder-bremen\/#respond"]}]},{"@type":"WebPage","@id":"http:\/\/felipemorales.se\/de\/blog\/aufstellung-werder-bremen\/","url":"http:\/\/felipemorales.se\/de\/blog\/aufstellung-werder-bremen\/","name":"Aufstellung Werder Bremen - Felipe Morales - Start","isPartOf":{"@id":"https:\/\/felipemorales.se\/#website"},"datePublished":"2024-03-15T15:00:00+00:00","dateModified":"2024-03-15T15:00:00+00:00","breadcrumb":{"@id":"http:\/\/felipemorales.se\/de\/blog\/aufstellung-werder-bremen\/#breadcrumb"},"inLanguage":"de","potentialAction":[{"@type":"ReadAction","target":["http:\/\/felipemorales.se\/de\/blog\/aufstellung-werder-bremen\/"]}]},{"@type":"BreadcrumbList","@id":"http:\/\/felipemorales.se\/de\/blog\/aufstellung-werder-bremen\/#breadcrumb","itemListElement":[{"@type":"ListItem","position":1,"name":"Hem","item":"https:\/\/felipemorales.se\/"},{"@type":"ListItem","position":2,"name":"Aufstellung Werder Bremen"}]},{"@type":"WebSite","@id":"https:\/\/felipemorales.se\/#website","url":"https:\/\/felipemorales.se\/","name":"Felipe Morales - Start","description":"","publisher":{"@id":"https:\/\/felipemorales.se\/#organization"},"potentialAction":[{"@type":"SearchAction","target":{"@type":"EntryPoint","urlTemplate":"https:\/\/felipemorales.se\/?s={search_term_string}"},"query-input":"required name=search_term_string"}],"inLanguage":"de"},{"@type":"Organization","@id":"https:\/\/felipemorales.se\/#organization","name":"Felipe Morales - Start","url":"https:\/\/felipemorales.se\/","logo":{"@type":"ImageObject","inLanguage":"de","@id":"https:\/\/felipemorales.se\/#\/schema\/logo\/image\/","url":"http:\/\/felipemorales.se\/wp-content\/uploads\/2022\/06\/cropped-LENNIX2.png","contentUrl":"http:\/\/felipemorales.se\/wp-content\/uploads\/2022\/06\/cropped-LENNIX2.png","width":239,"height":130,"caption":"Felipe Morales - Start"},"image":{"@id":"https:\/\/felipemorales.se\/#\/schema\/logo\/image\/"}},{"@type":"Person","@id":"https:\/\/felipemorales.se\/#\/schema\/person\/4d0c058205dd7a8b40a831f5ea679acb","name":"Felipe Morales","image":{"@type":"ImageObject","inLanguage":"de","@id":"https:\/\/felipemorales.se\/#\/schema\/person\/image\/","url":"https:\/\/secure.gravatar.com\/avatar\/74a35ce9b4df2e2ad0437691c150e5e4ad24c09ce8e9d2f7396ceed29f5b7b64?s=96&d=mm&r=g","contentUrl":"https:\/\/secure.gravatar.com\/avatar\/74a35ce9b4df2e2ad0437691c150e5e4ad24c09ce8e9d2f7396ceed29f5b7b64?s=96&d=mm&r=g","caption":"Felipe Morales"},"sameAs":["http:\/\/felipemorales.se"]}]}},"_links":{"self":[{"href":"http:\/\/felipemorales.se\/de\/wp-json\/wp\/v2\/posts\/2618","targetHints":{"allow":["GET"]}}],"collection":[{"href":"http:\/\/felipemorales.se\/de\/wp-json\/wp\/v2\/posts"}],"about":[{"href":"http:\/\/felipemorales.se\/de\/wp-json\/wp\/v2\/types\/post"}],"author":[{"embeddable":true,"href":"http:\/\/felipemorales.se\/de\/wp-json\/wp\/v2\/users\/1"}],"replies":[{"embeddable":true,"href":"http:\/\/felipemorales.se\/de\/wp-json\/wp\/v2\/comments?post=2618"}],"version-history":[{"count":1,"href":"http:\/\/felipemorales.se\/de\/wp-json\/wp\/v2\/posts\/2618\/revisions"}],"predecessor-version":[{"id":2689,"href":"http:\/\/felipemorales.se\/de\/wp-json\/wp\/v2\/posts\/2618\/revisions\/2689"}],"wp:featuredmedia":[{"embeddable":true,"href":"http:\/\/felipemorales.se\/de\/wp-json\/wp\/v2\/media\/2511"}],"wp:attachment":[{"href":"http:\/\/felipemorales.se\/de\/wp-json\/wp\/v2\/media?parent=2618"}],"wp:term":[{"taxonomy":"category","embeddable":true,"href":"http:\/\/felipemorales.se\/de\/wp-json\/wp\/v2\/categories?post=2618"},{"taxonomy":"post_tag","embeddable":true,"href":"http:\/\/felipemorales.se\/de\/wp-json\/wp\/v2\/tags?post=2618"}],"curies":[{"name":"wp","href":"https:\/\/api.w.org\/{rel}","templated":true}]}}