{"id":2612,"date":"2024-03-08T08:00:00","date_gmt":"2024-03-08T08:00:00","guid":{"rendered":"https:\/\/felipemorales.se\/?p=2612"},"modified":"2024-03-08T08:00:00","modified_gmt":"2024-03-08T08:00:00","slug":"bayern-aufstellung-2023","status":"publish","type":"post","link":"http:\/\/felipemorales.se\/de\/blog\/bayern-aufstellung-2023\/","title":{"rendered":"Bayern Aufstellung 2023"},"content":{"rendered":"<p>Der FC Bayern M\u00fcnchen ist eine der bekanntesten Fu\u00dfballmannschaften in Europa und der Welt. F\u00fcr Fans und Experten gleicherma\u00dfen bieten die Aufstellungen des Teams Jahr f\u00fcr Jahr interessante Einblicke in ihre Strategie und ihr Potenzial. Im Jahr 2023 stellt sich erneut die Frage, mit welcher Aufstellung der FC Bayern M\u00fcnchen sein Ziel, nationale und internationale Titel zu gewinnen, erreichen m\u00f6chte. In diesem Artikel werfen wir einen detaillierten Blick auf die m\u00f6gliche Bayern Aufstellung 2023 sowie auf die Spieler, von denen erwartet wird, dass sie eine Schl\u00fcsselrolle spielen.<\/p>\n<h2>Die Grundformation<\/h2>\n<p>\u00dcber die Jahre hat Bayern M\u00fcnchen verschiedene Formationen verwendet, um den gegnerischen Teams entgegenzutreten. Unter der Leitung des aktuellen Trainers k\u00f6nnte die bevorzugte Formation f\u00fcr 2023 jedoch das bew\u00e4hrte 4-2-3-1 oder eine flexible 4-3-3-Aufstellung sein, um die st\u00e4rken der vielseitigen Kadermitglieder optimal zu nutzen. Diese Formationen erm\u00f6glichen es dem Team, sowohl in der Offensive als auch in der Defensive stark zu sein.<\/p>\n<h3>Schl\u00fcsselspieler in der Aufstellung<\/h3>\n<ul>\n<li><strong>Manuel Neuer:<\/strong> Als Torwart bietet Neuer weiterhin die Sicherheit im Hintergrund.<\/li>\n<li><strong>Joshua Kimmich:<\/strong> Bekannt f\u00fcr seine Vielseitigkeit, k\u00f6nnte Kimmich eine zentrale Rolle im Mittelfeld einnehmen.<\/li>\n<li><strong>Thomas M\u00fcller:<\/strong> M\u00fcller ist oft die treibende Kraft in der Offensive und wichtig f\u00fcr das kreative Spiel.<\/li>\n<li><strong>Robert Lewandowski:<\/strong> Sollte er bleiben, bleibt Lewandowski die Spitze der Angriffslinie und Hauptziel f\u00fcr Tore.<\/li>\n<\/ul>\n<h2>M\u00f6gliche Neuzug\u00e4nge<\/h2>\n<p>Transferger\u00fcchte und -aktivit\u00e4ten sind in der Fu\u00dfballwelt allgegenw\u00e4rtig. F\u00fcr die Saison 2023 k\u00f6nnten neue Spieler in die Mannschaft integriert werden, um die Mannschaft in Schl\u00fcsselbereichen zu st\u00e4rken. Auch wenn spezifische Namen nicht genannt werden k\u00f6nnen, konzentriert sich Bayern traditionell darauf, sowohl erfahrene Spieler als auch junge Talente, die das langfristige Wachstum des Teams f\u00f6rdern, zu gewinnen.<\/p>\n<h2>Strategie und Taktik<\/h2>\n<p>Die Strategie von Bayern M\u00fcnchen f\u00fcr 2023 wird zweifellos darauf ausgerichtet sein, das Maximum aus dem vorhandenen Kader herauszuholen und gleichzeitig das Spiel auf ein neues Niveau zu heben. Unter Ber\u00fccksichtigung der aktuellen Fu\u00dfballtrends k\u00f6nnte dies bedeuten, einen gr\u00f6\u00dferen Fokus auf schnelle Gegenangriffe, Ballbesitz und hochstehende Verteidigung zu legen. Diese Elemente, kombiniert mit individuellem K\u00f6nnen, d\u00fcrften die Grundlage f\u00fcr Bayerns Erfolg in der kommenden Saison bilden.<\/p>\n<h3>Abschlie\u00dfende Gedanken<\/h3>\n<p>W\u00e4hrend die endg\u00fcltige Aufstellung von Bayern M\u00fcnchen f\u00fcr 2023 noch nicht feststeht, zeigen die Diskussionen und Analysen rund um das Team, dass gro\u00dfes Potenzial f\u00fcr eine erfolgreiche Saison besteht. Die Mischung aus erfahrenen Spielern und vielversprechenden Neuzug\u00e4ngen, gepaart mit taktischer Flexibilit\u00e4t, positioniert Bayern M\u00fcnchen einmal mehr als einen ernstzunehmenden Herausforderer auf allen Ebenen des Wettbewerbs.<\/p>\n","protected":false},"excerpt":{"rendered":"<p>Der FC Bayern M\u00fcnchen ist eine der bekanntesten Fu\u00dfballmannschaften in Europa und der Welt. F\u00fcr Fans und Experten gleicherma\u00dfen bieten die Aufstellungen des Teams Jahr f\u00fcr Jahr interessante Einblicke in ihre Strategie und ihr Potenzial. Im Jahr 2023 stellt sich erneut die Frage, mit welcher Aufstellung der FC Bayern M\u00fcnchen sein Ziel, nationale und internationale [&hellip;]<\/p>\n","protected":false},"author":1,"featured_media":2553,"comment_status":"open","ping_status":"open","sticky":false,"template":"","format":"standard","meta":{"footnotes":""},"categories":[29],"tags":[],"class_list":["post-2612","post","type-post","status-publish","format-standard","has-post-thumbnail","hentry","category-blog"],"yoast_head":"<!-- This site is optimized with the Yoast SEO plugin v22.0 - https:\/\/yoast.com\/wordpress\/plugins\/seo\/ -->\n<title>Bayern Aufstellung 2023 - Felipe Morales - Start<\/title>\n<meta name=\"robots\" content=\"index, follow, max-snippet:-1, max-image-preview:large, max-video-preview:-1\" \/>\n<link rel=\"canonical\" href=\"https:\/\/felipemorales.se\/de\/blog\/bayern-aufstellung-2023\/\" \/>\n<meta property=\"og:locale\" content=\"de_DE\" \/>\n<meta property=\"og:type\" content=\"article\" \/>\n<meta property=\"og:title\" content=\"Bayern Aufstellung 2023 - Felipe Morales - Start\" \/>\n<meta property=\"og:description\" content=\"Der FC Bayern M\u00fcnchen ist eine der bekanntesten Fu\u00dfballmannschaften in Europa und der Welt. F\u00fcr Fans und Experten gleicherma\u00dfen bieten die Aufstellungen des Teams Jahr f\u00fcr Jahr interessante Einblicke in ihre Strategie und ihr Potenzial. Im Jahr 2023 stellt sich erneut die Frage, mit welcher Aufstellung der FC Bayern M\u00fcnchen sein Ziel, nationale und internationale [&hellip;]\" \/>\n<meta property=\"og:url\" content=\"https:\/\/felipemorales.se\/de\/blog\/bayern-aufstellung-2023\/\" \/>\n<meta property=\"og:site_name\" content=\"Felipe Morales - Start\" \/>\n<meta property=\"article:published_time\" content=\"2024-03-08T08:00:00+00:00\" \/>\n<meta property=\"og:image\" content=\"https:\/\/felipemorales.se\/wp-content\/uploads\/2024\/02\/fotball-1-3.jpg\" \/>\n\t<meta property=\"og:image:width\" content=\"1290\" \/>\n\t<meta property=\"og:image:height\" content=\"790\" \/>\n\t<meta property=\"og:image:type\" content=\"image\/jpeg\" \/>\n<meta name=\"author\" content=\"Felipe Morales\" \/>\n<meta name=\"twitter:card\" content=\"summary_large_image\" \/>\n<meta name=\"twitter:label1\" content=\"Verfasst von\" \/>\n\t<meta name=\"twitter:data1\" content=\"Felipe Morales\" \/>\n\t<meta name=\"twitter:label2\" content=\"Gesch\u00e4tzte Lesezeit\" \/>\n\t<meta name=\"twitter:data2\" content=\"2\u00a0Minuten\" \/>\n<script type=\"application\/ld+json\" class=\"yoast-schema-graph\">{\"@context\":\"https:\/\/schema.org\",\"@graph\":[{\"@type\":\"Article\",\"@id\":\"https:\/\/felipemorales.se\/de\/blog\/bayern-aufstellung-2023\/#article\",\"isPartOf\":{\"@id\":\"https:\/\/felipemorales.se\/de\/blog\/bayern-aufstellung-2023\/\"},\"author\":{\"name\":\"Felipe Morales\",\"@id\":\"http:\/\/felipemorales.se\/#\/schema\/person\/4d0c058205dd7a8b40a831f5ea679acb\"},\"headline\":\"Bayern Aufstellung 2023\",\"datePublished\":\"2024-03-08T08:00:00+00:00\",\"dateModified\":\"2024-03-08T08:00:00+00:00\",\"mainEntityOfPage\":{\"@id\":\"https:\/\/felipemorales.se\/de\/blog\/bayern-aufstellung-2023\/\"},\"wordCount\":449,\"commentCount\":0,\"publisher\":{\"@id\":\"http:\/\/felipemorales.se\/#organization\"},\"articleSection\":[\"Blog\"],\"inLanguage\":\"de\",\"potentialAction\":[{\"@type\":\"CommentAction\",\"name\":\"Comment\",\"target\":[\"https:\/\/felipemorales.se\/de\/blog\/bayern-aufstellung-2023\/#respond\"]}]},{\"@type\":\"WebPage\",\"@id\":\"https:\/\/felipemorales.se\/de\/blog\/bayern-aufstellung-2023\/\",\"url\":\"https:\/\/felipemorales.se\/de\/blog\/bayern-aufstellung-2023\/\",\"name\":\"Bayern Aufstellung 2023 - Felipe Morales - Start\",\"isPartOf\":{\"@id\":\"http:\/\/felipemorales.se\/#website\"},\"datePublished\":\"2024-03-08T08:00:00+00:00\",\"dateModified\":\"2024-03-08T08:00:00+00:00\",\"breadcrumb\":{\"@id\":\"https:\/\/felipemorales.se\/de\/blog\/bayern-aufstellung-2023\/#breadcrumb\"},\"inLanguage\":\"de\",\"potentialAction\":[{\"@type\":\"ReadAction\",\"target\":[\"https:\/\/felipemorales.se\/de\/blog\/bayern-aufstellung-2023\/\"]}]},{\"@type\":\"BreadcrumbList\",\"@id\":\"https:\/\/felipemorales.se\/de\/blog\/bayern-aufstellung-2023\/#breadcrumb\",\"itemListElement\":[{\"@type\":\"ListItem\",\"position\":1,\"name\":\"Hem\",\"item\":\"http:\/\/felipemorales.se\/\"},{\"@type\":\"ListItem\",\"position\":2,\"name\":\"Bayern Aufstellung 2023\"}]},{\"@type\":\"WebSite\",\"@id\":\"http:\/\/felipemorales.se\/#website\",\"url\":\"http:\/\/felipemorales.se\/\",\"name\":\"Felipe Morales - Start\",\"description\":\"\",\"publisher\":{\"@id\":\"http:\/\/felipemorales.se\/#organization\"},\"potentialAction\":[{\"@type\":\"SearchAction\",\"target\":{\"@type\":\"EntryPoint\",\"urlTemplate\":\"http:\/\/felipemorales.se\/?s={search_term_string}\"},\"query-input\":\"required name=search_term_string\"}],\"inLanguage\":\"de\"},{\"@type\":\"Organization\",\"@id\":\"http:\/\/felipemorales.se\/#organization\",\"name\":\"Felipe Morales - Start\",\"url\":\"http:\/\/felipemorales.se\/\",\"logo\":{\"@type\":\"ImageObject\",\"inLanguage\":\"de\",\"@id\":\"http:\/\/felipemorales.se\/#\/schema\/logo\/image\/\",\"url\":\"http:\/\/felipemorales.se\/wp-content\/uploads\/2022\/06\/cropped-LENNIX2.png\",\"contentUrl\":\"http:\/\/felipemorales.se\/wp-content\/uploads\/2022\/06\/cropped-LENNIX2.png\",\"width\":239,\"height\":130,\"caption\":\"Felipe Morales - Start\"},\"image\":{\"@id\":\"http:\/\/felipemorales.se\/#\/schema\/logo\/image\/\"}},{\"@type\":\"Person\",\"@id\":\"http:\/\/felipemorales.se\/#\/schema\/person\/4d0c058205dd7a8b40a831f5ea679acb\",\"name\":\"Felipe Morales\",\"image\":{\"@type\":\"ImageObject\",\"inLanguage\":\"de\",\"@id\":\"http:\/\/felipemorales.se\/#\/schema\/person\/image\/\",\"url\":\"https:\/\/secure.gravatar.com\/avatar\/74a35ce9b4df2e2ad0437691c150e5e4ad24c09ce8e9d2f7396ceed29f5b7b64?s=96&d=mm&r=g\",\"contentUrl\":\"https:\/\/secure.gravatar.com\/avatar\/74a35ce9b4df2e2ad0437691c150e5e4ad24c09ce8e9d2f7396ceed29f5b7b64?s=96&d=mm&r=g\",\"caption\":\"Felipe Morales\"},\"sameAs\":[\"http:\/\/felipemorales.se\"]}]}<\/script>\n<!-- \/ Yoast SEO plugin. -->","yoast_head_json":{"title":"Bayern Aufstellung 2023 - Felipe Morales - Start","robots":{"index":"index","follow":"follow","max-snippet":"max-snippet:-1","max-image-preview":"max-image-preview:large","max-video-preview":"max-video-preview:-1"},"canonical":"https:\/\/felipemorales.se\/de\/blog\/bayern-aufstellung-2023\/","og_locale":"de_DE","og_type":"article","og_title":"Bayern Aufstellung 2023 - Felipe Morales - Start","og_description":"Der FC Bayern M\u00fcnchen ist eine der bekanntesten Fu\u00dfballmannschaften in Europa und der Welt. F\u00fcr Fans und Experten gleicherma\u00dfen bieten die Aufstellungen des Teams Jahr f\u00fcr Jahr interessante Einblicke in ihre Strategie und ihr Potenzial. Im Jahr 2023 stellt sich erneut die Frage, mit welcher Aufstellung der FC Bayern M\u00fcnchen sein Ziel, nationale und internationale [&hellip;]","og_url":"https:\/\/felipemorales.se\/de\/blog\/bayern-aufstellung-2023\/","og_site_name":"Felipe Morales - Start","article_published_time":"2024-03-08T08:00:00+00:00","og_image":[{"width":1290,"height":790,"url":"https:\/\/felipemorales.se\/wp-content\/uploads\/2024\/02\/fotball-1-3.jpg","type":"image\/jpeg"}],"author":"Felipe Morales","twitter_card":"summary_large_image","twitter_misc":{"Verfasst von":"Felipe Morales","Gesch\u00e4tzte Lesezeit":"2\u00a0Minuten"},"schema":{"@context":"https:\/\/schema.org","@graph":[{"@type":"Article","@id":"https:\/\/felipemorales.se\/de\/blog\/bayern-aufstellung-2023\/#article","isPartOf":{"@id":"https:\/\/felipemorales.se\/de\/blog\/bayern-aufstellung-2023\/"},"author":{"name":"Felipe Morales","@id":"http:\/\/felipemorales.se\/#\/schema\/person\/4d0c058205dd7a8b40a831f5ea679acb"},"headline":"Bayern Aufstellung 2023","datePublished":"2024-03-08T08:00:00+00:00","dateModified":"2024-03-08T08:00:00+00:00","mainEntityOfPage":{"@id":"https:\/\/felipemorales.se\/de\/blog\/bayern-aufstellung-2023\/"},"wordCount":449,"commentCount":0,"publisher":{"@id":"http:\/\/felipemorales.se\/#organization"},"articleSection":["Blog"],"inLanguage":"de","potentialAction":[{"@type":"CommentAction","name":"Comment","target":["https:\/\/felipemorales.se\/de\/blog\/bayern-aufstellung-2023\/#respond"]}]},{"@type":"WebPage","@id":"https:\/\/felipemorales.se\/de\/blog\/bayern-aufstellung-2023\/","url":"https:\/\/felipemorales.se\/de\/blog\/bayern-aufstellung-2023\/","name":"Bayern Aufstellung 2023 - Felipe Morales - Start","isPartOf":{"@id":"http:\/\/felipemorales.se\/#website"},"datePublished":"2024-03-08T08:00:00+00:00","dateModified":"2024-03-08T08:00:00+00:00","breadcrumb":{"@id":"https:\/\/felipemorales.se\/de\/blog\/bayern-aufstellung-2023\/#breadcrumb"},"inLanguage":"de","potentialAction":[{"@type":"ReadAction","target":["https:\/\/felipemorales.se\/de\/blog\/bayern-aufstellung-2023\/"]}]},{"@type":"BreadcrumbList","@id":"https:\/\/felipemorales.se\/de\/blog\/bayern-aufstellung-2023\/#breadcrumb","itemListElement":[{"@type":"ListItem","position":1,"name":"Hem","item":"http:\/\/felipemorales.se\/"},{"@type":"ListItem","position":2,"name":"Bayern Aufstellung 2023"}]},{"@type":"WebSite","@id":"http:\/\/felipemorales.se\/#website","url":"http:\/\/felipemorales.se\/","name":"Felipe Morales - Start","description":"","publisher":{"@id":"http:\/\/felipemorales.se\/#organization"},"potentialAction":[{"@type":"SearchAction","target":{"@type":"EntryPoint","urlTemplate":"http:\/\/felipemorales.se\/?s={search_term_string}"},"query-input":"required name=search_term_string"}],"inLanguage":"de"},{"@type":"Organization","@id":"http:\/\/felipemorales.se\/#organization","name":"Felipe Morales - Start","url":"http:\/\/felipemorales.se\/","logo":{"@type":"ImageObject","inLanguage":"de","@id":"http:\/\/felipemorales.se\/#\/schema\/logo\/image\/","url":"http:\/\/felipemorales.se\/wp-content\/uploads\/2022\/06\/cropped-LENNIX2.png","contentUrl":"http:\/\/felipemorales.se\/wp-content\/uploads\/2022\/06\/cropped-LENNIX2.png","width":239,"height":130,"caption":"Felipe Morales - Start"},"image":{"@id":"http:\/\/felipemorales.se\/#\/schema\/logo\/image\/"}},{"@type":"Person","@id":"http:\/\/felipemorales.se\/#\/schema\/person\/4d0c058205dd7a8b40a831f5ea679acb","name":"Felipe Morales","image":{"@type":"ImageObject","inLanguage":"de","@id":"http:\/\/felipemorales.se\/#\/schema\/person\/image\/","url":"https:\/\/secure.gravatar.com\/avatar\/74a35ce9b4df2e2ad0437691c150e5e4ad24c09ce8e9d2f7396ceed29f5b7b64?s=96&d=mm&r=g","contentUrl":"https:\/\/secure.gravatar.com\/avatar\/74a35ce9b4df2e2ad0437691c150e5e4ad24c09ce8e9d2f7396ceed29f5b7b64?s=96&d=mm&r=g","caption":"Felipe Morales"},"sameAs":["http:\/\/felipemorales.se"]}]}},"_links":{"self":[{"href":"http:\/\/felipemorales.se\/de\/wp-json\/wp\/v2\/posts\/2612","targetHints":{"allow":["GET"]}}],"collection":[{"href":"http:\/\/felipemorales.se\/de\/wp-json\/wp\/v2\/posts"}],"about":[{"href":"http:\/\/felipemorales.se\/de\/wp-json\/wp\/v2\/types\/post"}],"author":[{"embeddable":true,"href":"http:\/\/felipemorales.se\/de\/wp-json\/wp\/v2\/users\/1"}],"replies":[{"embeddable":true,"href":"http:\/\/felipemorales.se\/de\/wp-json\/wp\/v2\/comments?post=2612"}],"version-history":[{"count":1,"href":"http:\/\/felipemorales.se\/de\/wp-json\/wp\/v2\/posts\/2612\/revisions"}],"predecessor-version":[{"id":2669,"href":"http:\/\/felipemorales.se\/de\/wp-json\/wp\/v2\/posts\/2612\/revisions\/2669"}],"wp:featuredmedia":[{"embeddable":true,"href":"http:\/\/felipemorales.se\/de\/wp-json\/wp\/v2\/media\/2553"}],"wp:attachment":[{"href":"http:\/\/felipemorales.se\/de\/wp-json\/wp\/v2\/media?parent=2612"}],"wp:term":[{"taxonomy":"category","embeddable":true,"href":"http:\/\/felipemorales.se\/de\/wp-json\/wp\/v2\/categories?post=2612"},{"taxonomy":"post_tag","embeddable":true,"href":"http:\/\/felipemorales.se\/de\/wp-json\/wp\/v2\/tags?post=2612"}],"curies":[{"name":"wp","href":"https:\/\/api.w.org\/{rel}","templated":true}]}}